{"id":8096,"date":"2020-02-17T03:52:00","date_gmt":"2020-02-17T02:52:00","guid":{"rendered":"https:\/\/123emprende.com\/blog\/index.php\/2022\/01\/03\/formacion\/"},"modified":"2022-01-12T16:30:41","modified_gmt":"2022-01-12T15:30:41","slug":"me-doy-de-alta-en-hacienda-para-impartir-formacion","status":"publish","type":"post","link":"https:\/\/123emprende.com\/blog\/me-doy-de-alta-en-hacienda-para-impartir-formacion\/","title":{"rendered":"\u00bfMe doy de alta en Hacienda para impartir formaci\u00f3n?"},"content":{"rendered":"\n[et_pb_section][et_pb_row][et_pb_column type=&#8221;4_4&#8243;][et_pb_text]<p>Buenos d\u00edas, me llamo Alberto, soy Ing.Agr\u00f3nomo y trabajo para una empresa.<\/p>\n<p>Un m\u00e1ster me ha propuesto dar una charla de aproximadamente 3 horas, por la que voy a cobrar,<\/p>\n<p><strong>\u00bftengo que darme de alta en Hacienda o alg\u00fan sitio? \u00bfTengo que emitir factura? \u00bfC\u00f3mo declaro lo que voy a ganar?<\/strong><\/p>\n<p>Es poco dinero pero quiero hacerlo bien. Adem\u00e1s, una academia me esta proponiendo dar clases todas las semanas pero sin estar contratado por la academia, \u00bfse puede hacer eso?<br \/>Un saludo.<\/p><p>Estimado Alberto,<\/p>\n<p>en principio, para la <strong>charla de tres horas<\/strong> que te han ofrecido impartir en el master no tienes que realizar ning\u00fan alta en Hacienda y no est\u00e1s obligado a emitir factura, simplemente el pagador emitir\u00e1 un recibo en el que se detalla el servicio prestado y el importe percibido, muy importante tener claro que dicha cantidad estar\u00e1 sujeta a un tipo de retenci\u00f3n fijo y no lleva IVA.<\/p>\n<p>Adem\u00e1s, el pagador ingresar\u00e1 estas retenciones en la Agencia Tributaria a trav\u00e9s del modelo 111 y comunicar\u00e1 los datos anualmente a trav\u00e9s del modelo 190, lo que har\u00e1 que la percepci\u00f3n figure en tus datos fiscales como rendimientos del trabajo (clave F).<\/p>\n<p>Desgraciadamente son numerosos los casos en los que la Agencia Tributaria comienza procedimientos de comprobaci\u00f3n por no declarar el importe de la retenci\u00f3n con la clave correcta. Hay que tener muy claro que se trata de un rendimiento del trabajo, no es un rendimiento de una actividad profesional y en ning\u00fan caso puede llevar IVA.<\/p>\n<p>En el segundo caso, cuando dices que la academia no quiere contratarte entiendo que quieres decir que no quiere contratarte como trabajador pero si quiere contratarte para que impartas las <strong>clases de manera continuada<\/strong>. Si te vas a dedicar de manera habitual y profesional a impartir clases estamos hablando de una situaci\u00f3n distinta a la anterior, considero que vas a proceder a la ordenaci\u00f3n por cuenta propia de medios de producci\u00f3n y de recursos humanos o de uno de ambos, y por tanto estamos hablando de una actividad econ\u00f3mica, ya no se trata de rendimientos del trabajo, en este caso tienes que darte de alta en Hacienda a trav\u00e9s del modelo 037 en el ep\u00edgrafe de IAE correspondiente y deber\u00e1s emitir factura por los servicios prestados, la factura deber\u00e1 llevar IVA o no dependiendo de la materia que impartas, si se trata de formaci\u00f3n reglada, aquella que est\u00e1 en los planes oficiales estatales de estudios deber\u00e1 ir sin IVA, y la formaci\u00f3n no reglada con IVA.<\/p>\n<p>La ordenaci\u00f3n de medios materiales y humanos puede generar confusi\u00f3n pero implica algo tan sencillo como dise\u00f1ar el contenido de las clases, el material did\u00e1ctico o colaborar para impartir las clases.<\/p>\n<p>En resumen, en el primer caso se trata de rendimientos del trabajo sujetos a un tipo fijo de retenci\u00f3n, no hay que hacer alta de actividad en Hacienda, ni emitir factura y por supuesto no hay IVA, en el segundo caso se trata de rendimientos de la actividad econ\u00f3mica, hay que hacer el correspondiente alta de actividad en Hacienda y hay que emitir factura que lleva IVA si es formaci\u00f3n no reglada.<br \/>Espero haber resuelto tus dudas.<\/p>\n<p><a href=\"pregunta-al-experto\/pablo-medina\" target=\"_blank\" rel=\"noopener noreferrer\">Pablo Medina Serra<\/a>,\u00a0Especialista en materia fiscal y contable.<\/p>\n<p>\u00a0<\/p>[\/et_pb_text][\/et_pb_column][\/et_pb_row][\/et_pb_section]\n","protected":false},"excerpt":{"rendered":"<p><div class=\"et_pb_section et_pb_section_0 et_section_regular\" >\n\t\t\t\t\n\t\t\t\t\n\t\t\t\t\n\t\t\t\t\n\t\t\t\t\n\t\t\t\t\n\t\t\t\t\n\t\t\t\t\n\t\t\t\t\n\t\t\t<\/div><div class=\"et_pb_row et_pb_row_0 et_pb_row_empty\">\n\t\t\t\t\n\t\t\t\t\n\t\t\t\t\n\t\t\t\t\n\t\t\t\t\n\t\t\t<\/div><div class=\"et_pb_module et_pb_text et_pb_text_0  et_pb_text_align_left et_pb_bg_layout_light\">\n\t\t\t\t\n\t\t\t\t\n\t\t\t\t\n\t\t\t\t\n\t\t\t\t\n\t\t\t<\/div>Buenos d\u00edas, me llamo Alberto, soy Ing.Agr\u00f3nomo y trabajo para una empresa. Un m\u00e1ster me ha propuesto dar una charla de aproximadamente 3 horas, por la que voy a cobrar, \u00bftengo que darme de alta en Hacienda o alg\u00fan sitio? \u00bfTengo que emitir factura? \u00bfC\u00f3mo declaro lo que voy a ganar? Es poco dinero pero [&hellip;]<\/p>\n","protected":false},"author":1,"featured_media":9754,"comment_status":"open","ping_status":"closed","sticky":false,"template":"","format":"standard","meta":{"_et_pb_use_builder":"on","_et_pb_old_content":"<p>Buenos d\u00edas, me llamo Alberto, soy Ing.Agr\u00f3nomo y trabajo para una empresa.<\/p>\r\n<p>Un m\u00e1ster me ha propuesto dar una charla de aproximadamente 3 horas, por la que voy a cobrar,<\/p>\r\n<p><strong>\u00bftengo que darme de alta en Hacienda o alg\u00fan sitio? \u00bfTengo que emitir factura? \u00bfC\u00f3mo declaro lo que voy a ganar?<\/strong><\/p>\r\n<p>Es poco dinero pero quiero hacerlo bien. Adem\u00e1s, una academia me esta proponiendo dar clases todas las semanas pero sin estar contratado por la academia, \u00bfse puede hacer eso?<br \/>Un saludo.<\/p><p>Estimado Alberto,<\/p>\r\n<p>en principio, para la <strong>charla de tres horas<\/strong> que te han ofrecido impartir en el master no tienes que realizar ning\u00fan alta en Hacienda y no est\u00e1s obligado a emitir factura, simplemente el pagador emitir\u00e1 un recibo en el que se detalla el servicio prestado y el importe percibido, muy importante tener claro que dicha cantidad estar\u00e1 sujeta a un tipo de retenci\u00f3n fijo y no lleva IVA.<\/p>\r\n<p>Adem\u00e1s, el pagador ingresar\u00e1 estas retenciones en la Agencia Tributaria a trav\u00e9s del modelo 111 y comunicar\u00e1 los datos anualmente a trav\u00e9s del modelo 190, lo que har\u00e1 que la percepci\u00f3n figure en tus datos fiscales como rendimientos del trabajo (clave F).<\/p>\r\n<p>Desgraciadamente son numerosos los casos en los que la Agencia Tributaria comienza procedimientos de comprobaci\u00f3n por no declarar el importe de la retenci\u00f3n con la clave correcta. Hay que tener muy claro que se trata de un rendimiento del trabajo, no es un rendimiento de una actividad profesional y en ning\u00fan caso puede llevar IVA.<\/p>\r\n<p>En el segundo caso, cuando dices que la academia no quiere contratarte entiendo que quieres decir que no quiere contratarte como trabajador pero si quiere contratarte para que impartas las <strong>clases de manera continuada<\/strong>. Si te vas a dedicar de manera habitual y profesional a impartir clases estamos hablando de una situaci\u00f3n distinta a la anterior, considero que vas a proceder a la ordenaci\u00f3n por cuenta propia de medios de producci\u00f3n y de recursos humanos o de uno de ambos, y por tanto estamos hablando de una actividad econ\u00f3mica, ya no se trata de rendimientos del trabajo, en este caso tienes que darte de alta en Hacienda a trav\u00e9s del modelo 037 en el ep\u00edgrafe de IAE correspondiente y deber\u00e1s emitir factura por los servicios prestados, la factura deber\u00e1 llevar IVA o no dependiendo de la materia que impartas, si se trata de formaci\u00f3n reglada, aquella que est\u00e1 en los planes oficiales estatales de estudios deber\u00e1 ir sin IVA, y la formaci\u00f3n no reglada con IVA.<\/p>\r\n<p>La ordenaci\u00f3n de medios materiales y humanos puede generar confusi\u00f3n pero implica algo tan sencillo como dise\u00f1ar el contenido de las clases, el material did\u00e1ctico o colaborar para impartir las clases.<\/p>\r\n<p>En resumen, en el primer caso se trata de rendimientos del trabajo sujetos a un tipo fijo de retenci\u00f3n, no hay que hacer alta de actividad en Hacienda, ni emitir factura y por supuesto no hay IVA, en el segundo caso se trata de rendimientos de la actividad econ\u00f3mica, hay que hacer el correspondiente alta de actividad en Hacienda y hay que emitir factura que lleva IVA si es formaci\u00f3n no reglada.<br \/>Espero haber resuelto tus dudas.<\/p>\r\n<p><a href=\"pregunta-al-experto\/pablo-medina\" target=\"_blank\" rel=\"noopener noreferrer\">Pablo Medina Serra<\/a>,\u00a0Especialista en materia fiscal y contable.<\/p>\r\n<p>\u00a0<\/p>","_et_gb_content_width":"793","footnotes":""},"categories":[1],"tags":[21,54],"class_list":["post-8096","post","type-post","status-publish","format-standard","has-post-thumbnail","hentry","category-123emprende","tag-estrategia-de-negocio","tag-experiencia-de-usuario"],"yoast_head":"<!-- This site is optimized with the Yoast SEO plugin v23.5 - https:\/\/yoast.com\/wordpress\/plugins\/seo\/ -->\n<title>\u00bfMe doy de alta en Hacienda para impartir formaci\u00f3n? - 123 Emprende<\/title>\n<meta name=\"robots\" content=\"index, follow, max-snippet:-1, max-image-preview:large, max-video-preview:-1\" \/>\n<link rel=\"canonical\" href=\"https:\/\/123emprende.com\/blog\/me-doy-de-alta-en-hacienda-para-impartir-formacion\/\" \/>\n<meta property=\"og:locale\" content=\"es_ES\" \/>\n<meta property=\"og:type\" content=\"article\" \/>\n<meta property=\"og:title\" content=\"\u00bfMe doy de alta en Hacienda para impartir formaci\u00f3n? - 123 Emprende\" \/>\n<meta property=\"og:description\" content=\"Buenos d\u00edas, me llamo Alberto, soy Ing.Agr\u00f3nomo y trabajo para una empresa. Un m\u00e1ster me ha propuesto dar una charla de aproximadamente 3 horas, por la que voy a cobrar, \u00bftengo que darme de alta en Hacienda o alg\u00fan sitio? \u00bfTengo que emitir factura? \u00bfC\u00f3mo declaro lo que voy a ganar? Es poco dinero pero [&hellip;]\" \/>\n<meta property=\"og:url\" content=\"https:\/\/123emprende.com\/blog\/me-doy-de-alta-en-hacienda-para-impartir-formacion\/\" \/>\n<meta property=\"og:site_name\" content=\"123 Emprende\" \/>\n<meta property=\"article:publisher\" content=\"https:\/\/www.facebook.com\/123emprende\" \/>\n<meta property=\"article:published_time\" content=\"2020-02-17T02:52:00+00:00\" \/>\n<meta property=\"article:modified_time\" content=\"2022-01-12T15:30:41+00:00\" \/>\n<meta property=\"og:image\" content=\"https:\/\/123emprende.com\/blog\/wp-content\/uploads\/2019\/11\/me_doy_de_alta_para_en_hacienda_para_impartir_formacion.jpg\" \/>\n\t<meta property=\"og:image:width\" content=\"1067\" \/>\n\t<meta property=\"og:image:height\" content=\"600\" \/>\n\t<meta property=\"og:image:type\" content=\"image\/jpeg\" \/>\n<meta name=\"author\" content=\"admin\" \/>\n<meta name=\"twitter:card\" content=\"summary_large_image\" \/>\n<meta name=\"twitter:creator\" content=\"@123emprende\" \/>\n<meta name=\"twitter:site\" content=\"@123emprende\" \/>\n<meta name=\"twitter:label1\" content=\"Escrito por\" \/>\n\t<meta name=\"twitter:data1\" content=\"admin\" \/>\n\t<meta name=\"twitter:label2\" content=\"Tiempo de lectura\" \/>\n\t<meta name=\"twitter:data2\" content=\"3 minutos\" \/>\n<script type=\"application\/ld+json\" class=\"yoast-schema-graph\">{\"@context\":\"https:\/\/schema.org\",\"@graph\":[{\"@type\":\"Article\",\"@id\":\"https:\/\/123emprende.com\/blog\/me-doy-de-alta-en-hacienda-para-impartir-formacion\/#article\",\"isPartOf\":{\"@id\":\"https:\/\/123emprende.com\/blog\/me-doy-de-alta-en-hacienda-para-impartir-formacion\/\"},\"author\":{\"name\":\"admin\",\"@id\":\"https:\/\/123emprende.com\/blog\/#\/schema\/person\/eb7c03f48f19f00f4bca7680d4ff197c\"},\"headline\":\"\u00bfMe doy de alta en Hacienda para impartir formaci\u00f3n?\",\"datePublished\":\"2020-02-17T02:52:00+00:00\",\"dateModified\":\"2022-01-12T15:30:41+00:00\",\"mainEntityOfPage\":{\"@id\":\"https:\/\/123emprende.com\/blog\/me-doy-de-alta-en-hacienda-para-impartir-formacion\/\"},\"wordCount\":596,\"commentCount\":0,\"publisher\":{\"@id\":\"https:\/\/123emprende.com\/blog\/#organization\"},\"image\":{\"@id\":\"https:\/\/123emprende.com\/blog\/me-doy-de-alta-en-hacienda-para-impartir-formacion\/#primaryimage\"},\"thumbnailUrl\":\"https:\/\/123emprende.com\/blog\/wp-content\/uploads\/2019\/11\/me_doy_de_alta_para_en_hacienda_para_impartir_formacion.jpg\",\"keywords\":[\"Estrategia de negocio\",\"Experiencia de usuario\"],\"articleSection\":[\"123emprende\"],\"inLanguage\":\"es\",\"potentialAction\":[{\"@type\":\"CommentAction\",\"name\":\"Comment\",\"target\":[\"https:\/\/123emprende.com\/blog\/me-doy-de-alta-en-hacienda-para-impartir-formacion\/#respond\"]}]},{\"@type\":\"WebPage\",\"@id\":\"https:\/\/123emprende.com\/blog\/me-doy-de-alta-en-hacienda-para-impartir-formacion\/\",\"url\":\"https:\/\/123emprende.com\/blog\/me-doy-de-alta-en-hacienda-para-impartir-formacion\/\",\"name\":\"\u00bfMe doy de alta en Hacienda para impartir formaci\u00f3n? - 123 Emprende\",\"isPartOf\":{\"@id\":\"https:\/\/123emprende.com\/blog\/#website\"},\"primaryImageOfPage\":{\"@id\":\"https:\/\/123emprende.com\/blog\/me-doy-de-alta-en-hacienda-para-impartir-formacion\/#primaryimage\"},\"image\":{\"@id\":\"https:\/\/123emprende.com\/blog\/me-doy-de-alta-en-hacienda-para-impartir-formacion\/#primaryimage\"},\"thumbnailUrl\":\"https:\/\/123emprende.com\/blog\/wp-content\/uploads\/2019\/11\/me_doy_de_alta_para_en_hacienda_para_impartir_formacion.jpg\",\"datePublished\":\"2020-02-17T02:52:00+00:00\",\"dateModified\":\"2022-01-12T15:30:41+00:00\",\"breadcrumb\":{\"@id\":\"https:\/\/123emprende.com\/blog\/me-doy-de-alta-en-hacienda-para-impartir-formacion\/#breadcrumb\"},\"inLanguage\":\"es\",\"potentialAction\":[{\"@type\":\"ReadAction\",\"target\":[\"https:\/\/123emprende.com\/blog\/me-doy-de-alta-en-hacienda-para-impartir-formacion\/\"]}]},{\"@type\":\"ImageObject\",\"inLanguage\":\"es\",\"@id\":\"https:\/\/123emprende.com\/blog\/me-doy-de-alta-en-hacienda-para-impartir-formacion\/#primaryimage\",\"url\":\"https:\/\/123emprende.com\/blog\/wp-content\/uploads\/2019\/11\/me_doy_de_alta_para_en_hacienda_para_impartir_formacion.jpg\",\"contentUrl\":\"https:\/\/123emprende.com\/blog\/wp-content\/uploads\/2019\/11\/me_doy_de_alta_para_en_hacienda_para_impartir_formacion.jpg\",\"width\":1067,\"height\":600},{\"@type\":\"BreadcrumbList\",\"@id\":\"https:\/\/123emprende.com\/blog\/me-doy-de-alta-en-hacienda-para-impartir-formacion\/#breadcrumb\",\"itemListElement\":[{\"@type\":\"ListItem\",\"position\":1,\"name\":\"Home\",\"item\":\"https:\/\/123emprende.com\/blog\/\"},{\"@type\":\"ListItem\",\"position\":2,\"name\":\"\u00bfMe doy de alta en Hacienda para impartir formaci\u00f3n?\"}]},{\"@type\":\"WebSite\",\"@id\":\"https:\/\/123emprende.com\/blog\/#website\",\"url\":\"https:\/\/123emprende.com\/blog\/\",\"name\":\"1,2,3,emprende\",\"description\":\"Blog\",\"publisher\":{\"@id\":\"https:\/\/123emprende.com\/blog\/#organization\"},\"potentialAction\":[{\"@type\":\"SearchAction\",\"target\":{\"@type\":\"EntryPoint\",\"urlTemplate\":\"https:\/\/123emprende.com\/blog\/?s={search_term_string}\"},\"query-input\":{\"@type\":\"PropertyValueSpecification\",\"valueRequired\":true,\"valueName\":\"search_term_string\"}}],\"inLanguage\":\"es\"},{\"@type\":\"Organization\",\"@id\":\"https:\/\/123emprende.com\/blog\/#organization\",\"name\":\"1,2,3,emprende\",\"url\":\"https:\/\/123emprende.com\/blog\/\",\"logo\":{\"@type\":\"ImageObject\",\"inLanguage\":\"es\",\"@id\":\"https:\/\/123emprende.com\/blog\/#\/schema\/logo\/image\/\",\"url\":\"https:\/\/123emprende.com\/blog\/wp-content\/uploads\/2022\/01\/123emprende.png\",\"contentUrl\":\"https:\/\/123emprende.com\/blog\/wp-content\/uploads\/2022\/01\/123emprende.png\",\"width\":270,\"height\":65,\"caption\":\"1,2,3,emprende\"},\"image\":{\"@id\":\"https:\/\/123emprende.com\/blog\/#\/schema\/logo\/image\/\"},\"sameAs\":[\"https:\/\/www.facebook.com\/123emprende\",\"https:\/\/x.com\/123emprende\",\"https:\/\/www.instagram.com\/123emprende\/\"]},{\"@type\":\"Person\",\"@id\":\"https:\/\/123emprende.com\/blog\/#\/schema\/person\/eb7c03f48f19f00f4bca7680d4ff197c\",\"name\":\"admin\",\"image\":{\"@type\":\"ImageObject\",\"inLanguage\":\"es\",\"@id\":\"https:\/\/123emprende.com\/blog\/#\/schema\/person\/image\/\",\"url\":\"https:\/\/secure.gravatar.com\/avatar\/7a47578bea6e45ab073158f22bee6f0cab330856ff102d04fc883040ca5e0dd1?s=96&d=mm&r=g\",\"contentUrl\":\"https:\/\/secure.gravatar.com\/avatar\/7a47578bea6e45ab073158f22bee6f0cab330856ff102d04fc883040ca5e0dd1?s=96&d=mm&r=g\",\"caption\":\"admin\"},\"sameAs\":[\"https:\/\/123emprende.com\/blog\"],\"url\":\"https:\/\/123emprende.com\/blog\/author\/deni_y6ibheej\/\"}]}<\/script>\n<!-- \/ Yoast SEO plugin. -->","yoast_head_json":{"title":"\u00bfMe doy de alta en Hacienda para impartir formaci\u00f3n? - 123 Emprende","robots":{"index":"index","follow":"follow","max-snippet":"max-snippet:-1","max-image-preview":"max-image-preview:large","max-video-preview":"max-video-preview:-1"},"canonical":"https:\/\/123emprende.com\/blog\/me-doy-de-alta-en-hacienda-para-impartir-formacion\/","og_locale":"es_ES","og_type":"article","og_title":"\u00bfMe doy de alta en Hacienda para impartir formaci\u00f3n? - 123 Emprende","og_description":"Buenos d\u00edas, me llamo Alberto, soy Ing.Agr\u00f3nomo y trabajo para una empresa. Un m\u00e1ster me ha propuesto dar una charla de aproximadamente 3 horas, por la que voy a cobrar, \u00bftengo que darme de alta en Hacienda o alg\u00fan sitio? \u00bfTengo que emitir factura? \u00bfC\u00f3mo declaro lo que voy a ganar? Es poco dinero pero [&hellip;]","og_url":"https:\/\/123emprende.com\/blog\/me-doy-de-alta-en-hacienda-para-impartir-formacion\/","og_site_name":"123 Emprende","article_publisher":"https:\/\/www.facebook.com\/123emprende","article_published_time":"2020-02-17T02:52:00+00:00","article_modified_time":"2022-01-12T15:30:41+00:00","og_image":[{"width":1067,"height":600,"url":"https:\/\/123emprende.com\/blog\/wp-content\/uploads\/2019\/11\/me_doy_de_alta_para_en_hacienda_para_impartir_formacion.jpg","type":"image\/jpeg"}],"author":"admin","twitter_card":"summary_large_image","twitter_creator":"@123emprende","twitter_site":"@123emprende","twitter_misc":{"Escrito por":"admin","Tiempo de lectura":"3 minutos"},"schema":{"@context":"https:\/\/schema.org","@graph":[{"@type":"Article","@id":"https:\/\/123emprende.com\/blog\/me-doy-de-alta-en-hacienda-para-impartir-formacion\/#article","isPartOf":{"@id":"https:\/\/123emprende.com\/blog\/me-doy-de-alta-en-hacienda-para-impartir-formacion\/"},"author":{"name":"admin","@id":"https:\/\/123emprende.com\/blog\/#\/schema\/person\/eb7c03f48f19f00f4bca7680d4ff197c"},"headline":"\u00bfMe doy de alta en Hacienda para impartir formaci\u00f3n?","datePublished":"2020-02-17T02:52:00+00:00","dateModified":"2022-01-12T15:30:41+00:00","mainEntityOfPage":{"@id":"https:\/\/123emprende.com\/blog\/me-doy-de-alta-en-hacienda-para-impartir-formacion\/"},"wordCount":596,"commentCount":0,"publisher":{"@id":"https:\/\/123emprende.com\/blog\/#organization"},"image":{"@id":"https:\/\/123emprende.com\/blog\/me-doy-de-alta-en-hacienda-para-impartir-formacion\/#primaryimage"},"thumbnailUrl":"https:\/\/123emprende.com\/blog\/wp-content\/uploads\/2019\/11\/me_doy_de_alta_para_en_hacienda_para_impartir_formacion.jpg","keywords":["Estrategia de negocio","Experiencia de usuario"],"articleSection":["123emprende"],"inLanguage":"es","potentialAction":[{"@type":"CommentAction","name":"Comment","target":["https:\/\/123emprende.com\/blog\/me-doy-de-alta-en-hacienda-para-impartir-formacion\/#respond"]}]},{"@type":"WebPage","@id":"https:\/\/123emprende.com\/blog\/me-doy-de-alta-en-hacienda-para-impartir-formacion\/","url":"https:\/\/123emprende.com\/blog\/me-doy-de-alta-en-hacienda-para-impartir-formacion\/","name":"\u00bfMe doy de alta en Hacienda para impartir formaci\u00f3n? - 123 Emprende","isPartOf":{"@id":"https:\/\/123emprende.com\/blog\/#website"},"primaryImageOfPage":{"@id":"https:\/\/123emprende.com\/blog\/me-doy-de-alta-en-hacienda-para-impartir-formacion\/#primaryimage"},"image":{"@id":"https:\/\/123emprende.com\/blog\/me-doy-de-alta-en-hacienda-para-impartir-formacion\/#primaryimage"},"thumbnailUrl":"https:\/\/123emprende.com\/blog\/wp-content\/uploads\/2019\/11\/me_doy_de_alta_para_en_hacienda_para_impartir_formacion.jpg","datePublished":"2020-02-17T02:52:00+00:00","dateModified":"2022-01-12T15:30:41+00:00","breadcrumb":{"@id":"https:\/\/123emprende.com\/blog\/me-doy-de-alta-en-hacienda-para-impartir-formacion\/#breadcrumb"},"inLanguage":"es","potentialAction":[{"@type":"ReadAction","target":["https:\/\/123emprende.com\/blog\/me-doy-de-alta-en-hacienda-para-impartir-formacion\/"]}]},{"@type":"ImageObject","inLanguage":"es","@id":"https:\/\/123emprende.com\/blog\/me-doy-de-alta-en-hacienda-para-impartir-formacion\/#primaryimage","url":"https:\/\/123emprende.com\/blog\/wp-content\/uploads\/2019\/11\/me_doy_de_alta_para_en_hacienda_para_impartir_formacion.jpg","contentUrl":"https:\/\/123emprende.com\/blog\/wp-content\/uploads\/2019\/11\/me_doy_de_alta_para_en_hacienda_para_impartir_formacion.jpg","width":1067,"height":600},{"@type":"BreadcrumbList","@id":"https:\/\/123emprende.com\/blog\/me-doy-de-alta-en-hacienda-para-impartir-formacion\/#breadcrumb","itemListElement":[{"@type":"ListItem","position":1,"name":"Home","item":"https:\/\/123emprende.com\/blog\/"},{"@type":"ListItem","position":2,"name":"\u00bfMe doy de alta en Hacienda para impartir formaci\u00f3n?"}]},{"@type":"WebSite","@id":"https:\/\/123emprende.com\/blog\/#website","url":"https:\/\/123emprende.com\/blog\/","name":"1,2,3,emprende","description":"Blog","publisher":{"@id":"https:\/\/123emprende.com\/blog\/#organization"},"potentialAction":[{"@type":"SearchAction","target":{"@type":"EntryPoint","urlTemplate":"https:\/\/123emprende.com\/blog\/?s={search_term_string}"},"query-input":{"@type":"PropertyValueSpecification","valueRequired":true,"valueName":"search_term_string"}}],"inLanguage":"es"},{"@type":"Organization","@id":"https:\/\/123emprende.com\/blog\/#organization","name":"1,2,3,emprende","url":"https:\/\/123emprende.com\/blog\/","logo":{"@type":"ImageObject","inLanguage":"es","@id":"https:\/\/123emprende.com\/blog\/#\/schema\/logo\/image\/","url":"https:\/\/123emprende.com\/blog\/wp-content\/uploads\/2022\/01\/123emprende.png","contentUrl":"https:\/\/123emprende.com\/blog\/wp-content\/uploads\/2022\/01\/123emprende.png","width":270,"height":65,"caption":"1,2,3,emprende"},"image":{"@id":"https:\/\/123emprende.com\/blog\/#\/schema\/logo\/image\/"},"sameAs":["https:\/\/www.facebook.com\/123emprende","https:\/\/x.com\/123emprende","https:\/\/www.instagram.com\/123emprende\/"]},{"@type":"Person","@id":"https:\/\/123emprende.com\/blog\/#\/schema\/person\/eb7c03f48f19f00f4bca7680d4ff197c","name":"admin","image":{"@type":"ImageObject","inLanguage":"es","@id":"https:\/\/123emprende.com\/blog\/#\/schema\/person\/image\/","url":"https:\/\/secure.gravatar.com\/avatar\/7a47578bea6e45ab073158f22bee6f0cab330856ff102d04fc883040ca5e0dd1?s=96&d=mm&r=g","contentUrl":"https:\/\/secure.gravatar.com\/avatar\/7a47578bea6e45ab073158f22bee6f0cab330856ff102d04fc883040ca5e0dd1?s=96&d=mm&r=g","caption":"admin"},"sameAs":["https:\/\/123emprende.com\/blog"],"url":"https:\/\/123emprende.com\/blog\/author\/deni_y6ibheej\/"}]}},"_links":{"self":[{"href":"https:\/\/123emprende.com\/blog\/wp-json\/wp\/v2\/posts\/8096","targetHints":{"allow":["GET"]}}],"collection":[{"href":"https:\/\/123emprende.com\/blog\/wp-json\/wp\/v2\/posts"}],"about":[{"href":"https:\/\/123emprende.com\/blog\/wp-json\/wp\/v2\/types\/post"}],"author":[{"embeddable":true,"href":"https:\/\/123emprende.com\/blog\/wp-json\/wp\/v2\/users\/1"}],"replies":[{"embeddable":true,"href":"https:\/\/123emprende.com\/blog\/wp-json\/wp\/v2\/comments?post=8096"}],"version-history":[{"count":4,"href":"https:\/\/123emprende.com\/blog\/wp-json\/wp\/v2\/posts\/8096\/revisions"}],"predecessor-version":[{"id":9753,"href":"https:\/\/123emprende.com\/blog\/wp-json\/wp\/v2\/posts\/8096\/revisions\/9753"}],"wp:featuredmedia":[{"embeddable":true,"href":"https:\/\/123emprende.com\/blog\/wp-json\/wp\/v2\/media\/9754"}],"wp:attachment":[{"href":"https:\/\/123emprende.com\/blog\/wp-json\/wp\/v2\/media?parent=8096"}],"wp:term":[{"taxonomy":"category","embeddable":true,"href":"https:\/\/123emprende.com\/blog\/wp-json\/wp\/v2\/categories?post=8096"},{"taxonomy":"post_tag","embeddable":true,"href":"https:\/\/123emprende.com\/blog\/wp-json\/wp\/v2\/tags?post=8096"}],"curies":[{"name":"wp","href":"https:\/\/api.w.org\/{rel}","templated":true}]}}