{"id":7841,"date":"2021-03-08T22:54:19","date_gmt":"2021-03-08T21:54:19","guid":{"rendered":"https:\/\/123emprende.com\/blog\/index.php\/2022\/01\/03\/10-preguntas-frecuentes-antes-de-emprender\/"},"modified":"2022-07-14T13:22:21","modified_gmt":"2022-07-14T12:22:21","slug":"10-preguntas-frecuentes-antes-de-emprender","status":"publish","type":"post","link":"https:\/\/123emprende.com\/blog\/10-preguntas-frecuentes-antes-de-emprender\/","title":{"rendered":"10 preguntas frecuentes antes de emprender"},"content":{"rendered":"<h2>\u00bfPuedo cobrar el paro en un pago \u00fanico?<\/h2>\n<p>Si vas a darte de alta como aut\u00f3nomo, incorporarte como socio trabajador o de trabajo en una sociedad laboral o mercantil, o a una cooperativa, puedes beneficiarte del pago \u00fanico.<\/p>\n<p>Esta medida facilita las iniciativas de empleo aut\u00f3nomo abonando en un solo pago el importe de la prestaci\u00f3n por desempleo a las personas beneficiarias. Puedes obtener m\u00e1s informaci\u00f3n en la p\u00e1gina del SEPE (Servicio de Empleo P\u00fablico Estatal).<\/p>\n<p>Para poder beneficiarte de esta ayuda debes cumplir los siguientes <strong>requisitos<\/strong>:<\/p>\n<ul>\n<li>Tener&nbsp;derecho a cobrar al menos tres meses&nbsp;la prestaci\u00f3n por desempleo.<\/li>\n<li>La&nbsp;actividad&nbsp;no puede haber comenzado en el momento en que se solicita.<\/li>\n<li>No haber solicitado esta ayuda en los \u00faltimos cuatro a\u00f1os.<\/li>\n<li>Es obligatorio iniciar la actividad en el plazo m\u00e1ximo de un mes desde el cobro de esta prestaci\u00f3n.<\/li>\n<\/ul>\n<p><img decoding=\"async\" class=\"img-responsive\" src=\"https:\/\/www.123emprende.com\/blog\/wp-content\/uploads\/2022\/01\/barra_abajo.png\" alt=\"\" width=\"770\" height=\"40\"><\/p>\n<h2>\u00bfPuedo simultanear el trabajo por cuenta propia y por cuenta propia?<\/h2>\n<p>Este es un supuesto de<strong> pluriactividad<\/strong> y <strong>no hay impedimento legal<\/strong>, salvo que hayas firmado una cl\u00e1usula de<strong> exclusividad<\/strong> con la empresa en la que trabajas o estuvieras sometido a las incompatibilidades exigidas al personal al servicio de las Administraciones P\u00fablicas.<\/p>\n<p>En relaci\u00f3n a la Seguridad Social, deber\u00e1s cotizar en el RETA por tu trabajo de aut\u00f3nomo y en el r\u00e9gimen general por el trabajo por cuenta ajena.<\/p>\n<p><img decoding=\"async\" class=\"img-responsive\" src=\"https:\/\/www.123emprende.com\/blog\/wp-content\/uploads\/2022\/01\/barra_arriba.png\" alt=\"\" width=\"770\" height=\"40\"><\/p>\n<h2>\u00bfCu\u00e1les son las obligaciones fiscales de un aut\u00f3nomo?<\/h2>\n<p><strong>Antes de iniciar la actividad:<\/strong><\/p>\n<p>\u00b7&nbsp;&nbsp;&nbsp;&nbsp;&nbsp;&nbsp;&nbsp;&nbsp; Alta en el censo de empresarios, profesionales y retenedores.<\/p>\n<p><strong>Durante toda la actividad empresarial:<\/strong><\/p>\n<p>\u00b7&nbsp;&nbsp;&nbsp;&nbsp;&nbsp;&nbsp;&nbsp;&nbsp; Tributar por las ganancias o rendimientos obtenidos por la empresa.<\/p>\n<p>\u00b7&nbsp;&nbsp;&nbsp;&nbsp;&nbsp;&nbsp;&nbsp;&nbsp; Impuestos indirectos: IVA (IGIC o IPSI).<\/p>\n<p>\u00b7&nbsp;&nbsp;&nbsp;&nbsp;&nbsp;&nbsp;&nbsp;&nbsp; Expedici\u00f3n y entrega de facturas.<\/p>\n<p>\u00b7&nbsp;&nbsp;&nbsp;&nbsp;&nbsp;&nbsp;&nbsp;&nbsp; Retenciones e ingresos a cuenta.<\/p>\n<p>\u00b7&nbsp;&nbsp;&nbsp;&nbsp;&nbsp;&nbsp;&nbsp;&nbsp; Declaraciones informativas y res\u00famenes anuales.<\/p>\n<p>\u00b7&nbsp;&nbsp;&nbsp;&nbsp;&nbsp;&nbsp;&nbsp;&nbsp; Comunicaci\u00f3n de cualquier variaci\u00f3n en el censo de empresarios.<\/p>\n<p><strong>Consolidaci\u00f3n de la empresa:<\/strong><\/p>\n<p>\u00b7&nbsp;&nbsp;&nbsp;&nbsp;&nbsp;&nbsp;&nbsp;&nbsp; Presentaci\u00f3n de declaraciones Intrastat, Documento \u00danico Administrativo, n\u00famero EORI, Operador Econ\u00f3mico Autorizado (OEA), en el caso de ventas a otros pa\u00edses de la UE.<\/p>\n<p>\u00b7&nbsp;&nbsp;&nbsp;&nbsp;&nbsp;&nbsp;&nbsp;&nbsp; Modificaci\u00f3n de la declaraci\u00f3n censal, IVA, Impuesto sobre Actividades Econ\u00f3micas, en los casos de Inicio de nueva actividad y\/o sector diferenciado.<\/p>\n<p><img decoding=\"async\" class=\"img-responsive\" src=\"https:\/\/www.123emprende.com\/blog\/wp-content\/uploads\/2022\/01\/barra_abajo.png\" alt=\"\" width=\"770\" height=\"40\"><\/p>\n<h2>\u00bfQu\u00e9 debo tener en cuenta a la hora de elegir la forma jur\u00eddica de mi empresa?<\/h2>\n<p>Elegir la forma jur\u00eddica de nuestro negocio es una tarea primordial antes de ponerlo en funcionamiento. De ello depender\u00e1n aspectos fundamentales en la gesti\u00f3n cotidiana de la empresa y la mayor o menor asunci\u00f3n de responsabilidad por parte de los promotores.<\/p>\n<p>A continuaci\u00f3n, te enumeramos los principales aspectos a tener en cuenta antes de tomar la decisi\u00f3n. Si quieres una informaci\u00f3n m\u00e1s detallada, consulta la secci\u00f3n Elecci\u00f3n de forma jur\u00eddica.<\/p>\n<p>\u00b7&nbsp;&nbsp;&nbsp;&nbsp;&nbsp;&nbsp;&nbsp;&nbsp; <strong>Actividad.<\/strong> El sector de actividad puede obligar a adoptar determinadas formas jur\u00eddicas. Por ejemplo, banca, agencias de viajes o seguros exigen por ley constituir una sociedad mercantil.<\/p>\n<p>\u00b7&nbsp;&nbsp;&nbsp;&nbsp;&nbsp;&nbsp;&nbsp;&nbsp;<strong> El n\u00famero de socios.<\/strong> En funci\u00f3n de que sean uno o varios los promotores, la elecci\u00f3n de la forma jur\u00eddica puede variar.<\/p>\n<p>\u00b7&nbsp;&nbsp;&nbsp;&nbsp;&nbsp;&nbsp;&nbsp;&nbsp;<strong> La responsabilidad de los promotores.<\/strong> Para la elecci\u00f3n de la forma jur\u00eddica se deber\u00e1 elegir entre restringir la responsabilidad al capital aportado a la sociedad o afrontar el riesgo de responder tanto con el patrimonio personal como con el social.<\/p>\n<p>\u00b7&nbsp;&nbsp;&nbsp;&nbsp;&nbsp;&nbsp;&nbsp;&nbsp; <strong>Necesidades econ\u00f3micas del proyecto.<\/strong> &nbsp;Influyen en la medida que es necesaria la participaci\u00f3n de varias personas para acometerla, por lo que normalmente se optar\u00e1 por constituir una sociedad.<\/p>\n<p>\u00b7&nbsp;&nbsp;&nbsp;&nbsp;&nbsp;&nbsp;&nbsp;&nbsp; <strong>Aspectos fiscales.<\/strong> Los reg\u00edmenes fiscales de tributaci\u00f3n pueden ser distintos para las diferentes formas de empresa, por lo que es un factor importante a tener en cuenta.<\/p>\n<p><img decoding=\"async\" class=\"img-responsive\" src=\"https:\/\/www.123emprende.com\/blog\/wp-content\/uploads\/2022\/01\/barra_arriba.png\" alt=\"\" width=\"770\" height=\"40\"><\/p>\n<h2>\u00bfQu\u00e9 forma jur\u00eddica elijo si soy freelance?<\/h2>\n<p>En estos casos, lo habitual es optar por la figura del <strong>aut\u00f3nomo<\/strong>.&nbsp;<\/p>\n<p>Es la forma jur\u00eddica m\u00e1s adecuada para actividades que son personales y dif\u00edcilmente sustituibles. Si&nbsp;por el contrario la actividad la puede desarrollar cualquier persona con la cualificaci\u00f3n necesaria lo ideal ser\u00e1 una sociedad.<\/p>\n<p><img decoding=\"async\" class=\"img-responsive\" src=\"https:\/\/www.123emprende.com\/blog\/wp-content\/uploads\/2022\/01\/barra_abajo.png\" alt=\"\" width=\"770\" height=\"40\"><\/p>\n<h2>\u00bfQu\u00e9 es la licencia de actividad?&nbsp;<\/h2>\n<p>Es un <strong>permiso obligatorio<\/strong> para poder ejercer una actividad comercial, industrial o de servicios en un local, nave u oficina.<\/p>\n<p>Consiste en un documento que acredita el cumplimiento de las condiciones de habitabilidad y uso de esa actividad y deber\u00e1 renovarse cada vez que cambie la actividad desarrollada en el local, que haya modificaciones en el mismo o que cambien los propietarios del negocio.<\/p>\n<p><img decoding=\"async\" class=\"img-responsive\" src=\"https:\/\/www.123emprende.com\/blog\/wp-content\/uploads\/2022\/01\/barra_arriba.png\" alt=\"\" width=\"770\" height=\"40\"><\/p>\n<h2>\u00bfSe pueden solicitar varias subvenciones a la vez?<\/h2>\n<p>Depende de las bases de la convocatoria de cada subvenci\u00f3n. En su apartado de <strong>\u201ccompatibilidad de ayudas\u201d<\/strong> o <strong>&#8220;incompatibilidad\u201d<\/strong>, se indica si:<\/p>\n<p>\u00b7&nbsp;&nbsp;&nbsp;&nbsp;&nbsp;&nbsp;&nbsp;&nbsp; Es incompatible o no con otras ayudas.<\/p>\n<p>\u00b7&nbsp;&nbsp;&nbsp;&nbsp;&nbsp;&nbsp;&nbsp;&nbsp; Y en caso de que sea compatible con la otra ayuda a solicitar, debes ver si los bienes objeto de subvenci\u00f3n no superan en su conjunto el importe del coste de la actividad subvencionada.<\/p>\n<p><img decoding=\"async\" class=\"img-responsive\" src=\"https:\/\/www.123emprende.com\/blog\/wp-content\/uploads\/2022\/01\/barra_abajo.png\" alt=\"\" width=\"770\" height=\"40\"><\/p>\n<h2>\u00bfPuedo registrar mi idea de negocio como patente?<\/h2>\n<p>No, ya que las ideas de negocio no son invenciones de aplicaci\u00f3n industrial.<\/p>\n<p>El art\u00edculo 4 de la <strong>Ley de Patentes<\/strong> excluye espec\u00edficamente del concepto de patentabilidad &#8220;los planes, reglas y m\u00e9todos. etc para el ejercicio de actividades econ\u00f3mico-comerciales.&#8221;<\/p>\n<p><img decoding=\"async\" class=\"img-responsive\" src=\"https:\/\/www.123emprende.com\/blog\/wp-content\/uploads\/2022\/01\/barra_arriba.png\" alt=\"\" width=\"770\" height=\"40\"><\/p>\n<h2>\u00bfPuedo darme de alta como aut\u00f3nomo si soy trabajador por cuenta ajena?<\/h2>\n<p>Un asalariado puede constituir su propia empresa d\u00e1ndose de alta en el R\u00e9gimen Especial de trabajadores Aut\u00f3nomos a la vez que contin\u00faa adscrito al R\u00e9gimen General.<\/p>\n<p>No obstante, es recomendable que todo trabajador por cuenta ajena que decida emprender revise las condiciones de su contrato laboral para prevenir posibles incompatibilidades.<\/p>\n<p>&nbsp;<img decoding=\"async\" class=\"img-responsive\" src=\"https:\/\/www.123emprende.com\/blog\/wp-content\/uploads\/2022\/01\/barra_abajo.png\" alt=\"\" width=\"770\" height=\"40\"><\/p>\n<h2>\u00bfCu\u00e1l es la diferencia entre el leasing y el renting?<\/h2>\n<p>El<strong> leasing<\/strong> es un arrendamiento con opci\u00f3n de compra y habitualmente no incorpora servicios a la cuota. Por su parte, el <strong>renting<\/strong> es el simple alquiler de un bien sin opci\u00f3n de compra y en este caso todos los servicios necesarios para su utilizaci\u00f3n se encuentran incluidos en la cuota.<\/p>\n<p><img decoding=\"async\" class=\"img-responsive\" src=\"https:\/\/www.123emprende.com\/blog\/wp-content\/uploads\/2022\/01\/barra_arriba.png\" alt=\"\" width=\"770\" height=\"40\"><\/p>\n","protected":false},"excerpt":{"rendered":"<p>\u00bfPuedo cobrar el paro en un pago \u00fanico? Si vas a darte de alta como aut\u00f3nomo, incorporarte como socio trabajador o de trabajo en una sociedad laboral o mercantil, o a una cooperativa, puedes beneficiarte del pago \u00fanico. Esta medida facilita las iniciativas de empleo aut\u00f3nomo abonando en un solo pago el importe de la [&hellip;]<\/p>\n","protected":false},"author":1,"featured_media":9308,"comment_status":"closed","ping_status":"closed","sticky":false,"template":"","format":"standard","meta":{"_et_pb_use_builder":"","_et_pb_old_content":"","_et_gb_content_width":"","footnotes":""},"categories":[1],"tags":[16],"class_list":["post-7841","post","type-post","status-publish","format-standard","has-post-thumbnail","hentry","category-123emprende","tag-emprendimiento"],"yoast_head":"<!-- This site is optimized with the Yoast SEO plugin v23.5 - https:\/\/yoast.com\/wordpress\/plugins\/seo\/ -->\n<title>10 preguntas frecuentes antes de emprender - 123 Emprende<\/title>\n<meta name=\"robots\" content=\"index, follow, max-snippet:-1, max-image-preview:large, max-video-preview:-1\" \/>\n<link rel=\"canonical\" href=\"https:\/\/123emprende.com\/blog\/10-preguntas-frecuentes-antes-de-emprender\/\" \/>\n<meta property=\"og:locale\" content=\"es_ES\" \/>\n<meta property=\"og:type\" content=\"article\" \/>\n<meta property=\"og:title\" content=\"10 preguntas frecuentes antes de emprender - 123 Emprende\" \/>\n<meta property=\"og:description\" content=\"\u00bfPuedo cobrar el paro en un pago \u00fanico? Si vas a darte de alta como aut\u00f3nomo, incorporarte como socio trabajador o de trabajo en una sociedad laboral o mercantil, o a una cooperativa, puedes beneficiarte del pago \u00fanico. Esta medida facilita las iniciativas de empleo aut\u00f3nomo abonando en un solo pago el importe de la [&hellip;]\" \/>\n<meta property=\"og:url\" content=\"https:\/\/123emprende.com\/blog\/10-preguntas-frecuentes-antes-de-emprender\/\" \/>\n<meta property=\"og:site_name\" content=\"123 Emprende\" \/>\n<meta property=\"article:publisher\" content=\"https:\/\/www.facebook.com\/123emprende\" \/>\n<meta property=\"article:published_time\" content=\"2021-03-08T21:54:19+00:00\" \/>\n<meta property=\"article:modified_time\" content=\"2022-07-14T12:22:21+00:00\" \/>\n<meta property=\"og:image\" content=\"https:\/\/123emprende.com\/blog\/wp-content\/uploads\/2022\/01\/Preguntas_frecuentes_emprendedores.jpg\" \/>\n\t<meta property=\"og:image:width\" content=\"1067\" \/>\n\t<meta property=\"og:image:height\" content=\"600\" \/>\n\t<meta property=\"og:image:type\" content=\"image\/jpeg\" \/>\n<meta name=\"author\" content=\"admin\" \/>\n<meta name=\"twitter:card\" content=\"summary_large_image\" \/>\n<meta name=\"twitter:creator\" content=\"@123emprende\" \/>\n<meta name=\"twitter:site\" content=\"@123emprende\" \/>\n<meta name=\"twitter:label1\" content=\"Escrito por\" \/>\n\t<meta name=\"twitter:data1\" content=\"admin\" \/>\n\t<meta name=\"twitter:label2\" content=\"Tiempo de lectura\" \/>\n\t<meta name=\"twitter:data2\" content=\"6 minutos\" \/>\n<script type=\"application\/ld+json\" class=\"yoast-schema-graph\">{\"@context\":\"https:\/\/schema.org\",\"@graph\":[{\"@type\":\"Article\",\"@id\":\"https:\/\/123emprende.com\/blog\/10-preguntas-frecuentes-antes-de-emprender\/#article\",\"isPartOf\":{\"@id\":\"https:\/\/123emprende.com\/blog\/10-preguntas-frecuentes-antes-de-emprender\/\"},\"author\":{\"name\":\"admin\",\"@id\":\"https:\/\/123emprende.com\/blog\/#\/schema\/person\/eb7c03f48f19f00f4bca7680d4ff197c\"},\"headline\":\"10 preguntas frecuentes antes de emprender\",\"datePublished\":\"2021-03-08T21:54:19+00:00\",\"dateModified\":\"2022-07-14T12:22:21+00:00\",\"mainEntityOfPage\":{\"@id\":\"https:\/\/123emprende.com\/blog\/10-preguntas-frecuentes-antes-de-emprender\/\"},\"wordCount\":1147,\"publisher\":{\"@id\":\"https:\/\/123emprende.com\/blog\/#organization\"},\"image\":{\"@id\":\"https:\/\/123emprende.com\/blog\/10-preguntas-frecuentes-antes-de-emprender\/#primaryimage\"},\"thumbnailUrl\":\"https:\/\/123emprende.com\/blog\/wp-content\/uploads\/2022\/01\/Preguntas_frecuentes_emprendedores.jpg\",\"keywords\":[\"Emprendimiento\"],\"articleSection\":[\"123emprende\"],\"inLanguage\":\"es\"},{\"@type\":\"WebPage\",\"@id\":\"https:\/\/123emprende.com\/blog\/10-preguntas-frecuentes-antes-de-emprender\/\",\"url\":\"https:\/\/123emprende.com\/blog\/10-preguntas-frecuentes-antes-de-emprender\/\",\"name\":\"10 preguntas frecuentes antes de emprender - 123 Emprende\",\"isPartOf\":{\"@id\":\"https:\/\/123emprende.com\/blog\/#website\"},\"primaryImageOfPage\":{\"@id\":\"https:\/\/123emprende.com\/blog\/10-preguntas-frecuentes-antes-de-emprender\/#primaryimage\"},\"image\":{\"@id\":\"https:\/\/123emprende.com\/blog\/10-preguntas-frecuentes-antes-de-emprender\/#primaryimage\"},\"thumbnailUrl\":\"https:\/\/123emprende.com\/blog\/wp-content\/uploads\/2022\/01\/Preguntas_frecuentes_emprendedores.jpg\",\"datePublished\":\"2021-03-08T21:54:19+00:00\",\"dateModified\":\"2022-07-14T12:22:21+00:00\",\"breadcrumb\":{\"@id\":\"https:\/\/123emprende.com\/blog\/10-preguntas-frecuentes-antes-de-emprender\/#breadcrumb\"},\"inLanguage\":\"es\",\"potentialAction\":[{\"@type\":\"ReadAction\",\"target\":[\"https:\/\/123emprende.com\/blog\/10-preguntas-frecuentes-antes-de-emprender\/\"]}]},{\"@type\":\"ImageObject\",\"inLanguage\":\"es\",\"@id\":\"https:\/\/123emprende.com\/blog\/10-preguntas-frecuentes-antes-de-emprender\/#primaryimage\",\"url\":\"https:\/\/123emprende.com\/blog\/wp-content\/uploads\/2022\/01\/Preguntas_frecuentes_emprendedores.jpg\",\"contentUrl\":\"https:\/\/123emprende.com\/blog\/wp-content\/uploads\/2022\/01\/Preguntas_frecuentes_emprendedores.jpg\",\"width\":1067,\"height\":600},{\"@type\":\"BreadcrumbList\",\"@id\":\"https:\/\/123emprende.com\/blog\/10-preguntas-frecuentes-antes-de-emprender\/#breadcrumb\",\"itemListElement\":[{\"@type\":\"ListItem\",\"position\":1,\"name\":\"Home\",\"item\":\"https:\/\/123emprende.com\/blog\/\"},{\"@type\":\"ListItem\",\"position\":2,\"name\":\"10 preguntas frecuentes antes de emprender\"}]},{\"@type\":\"WebSite\",\"@id\":\"https:\/\/123emprende.com\/blog\/#website\",\"url\":\"https:\/\/123emprende.com\/blog\/\",\"name\":\"1,2,3,emprende\",\"description\":\"Blog\",\"publisher\":{\"@id\":\"https:\/\/123emprende.com\/blog\/#organization\"},\"potentialAction\":[{\"@type\":\"SearchAction\",\"target\":{\"@type\":\"EntryPoint\",\"urlTemplate\":\"https:\/\/123emprende.com\/blog\/?s={search_term_string}\"},\"query-input\":{\"@type\":\"PropertyValueSpecification\",\"valueRequired\":true,\"valueName\":\"search_term_string\"}}],\"inLanguage\":\"es\"},{\"@type\":\"Organization\",\"@id\":\"https:\/\/123emprende.com\/blog\/#organization\",\"name\":\"1,2,3,emprende\",\"url\":\"https:\/\/123emprende.com\/blog\/\",\"logo\":{\"@type\":\"ImageObject\",\"inLanguage\":\"es\",\"@id\":\"https:\/\/123emprende.com\/blog\/#\/schema\/logo\/image\/\",\"url\":\"https:\/\/123emprende.com\/blog\/wp-content\/uploads\/2022\/01\/123emprende.png\",\"contentUrl\":\"https:\/\/123emprende.com\/blog\/wp-content\/uploads\/2022\/01\/123emprende.png\",\"width\":270,\"height\":65,\"caption\":\"1,2,3,emprende\"},\"image\":{\"@id\":\"https:\/\/123emprende.com\/blog\/#\/schema\/logo\/image\/\"},\"sameAs\":[\"https:\/\/www.facebook.com\/123emprende\",\"https:\/\/x.com\/123emprende\",\"https:\/\/www.instagram.com\/123emprende\/\"]},{\"@type\":\"Person\",\"@id\":\"https:\/\/123emprende.com\/blog\/#\/schema\/person\/eb7c03f48f19f00f4bca7680d4ff197c\",\"name\":\"admin\",\"image\":{\"@type\":\"ImageObject\",\"inLanguage\":\"es\",\"@id\":\"https:\/\/123emprende.com\/blog\/#\/schema\/person\/image\/\",\"url\":\"https:\/\/secure.gravatar.com\/avatar\/7a47578bea6e45ab073158f22bee6f0cab330856ff102d04fc883040ca5e0dd1?s=96&d=mm&r=g\",\"contentUrl\":\"https:\/\/secure.gravatar.com\/avatar\/7a47578bea6e45ab073158f22bee6f0cab330856ff102d04fc883040ca5e0dd1?s=96&d=mm&r=g\",\"caption\":\"admin\"},\"sameAs\":[\"https:\/\/123emprende.com\/blog\"],\"url\":\"https:\/\/123emprende.com\/blog\/author\/deni_y6ibheej\/\"}]}<\/script>\n<!-- \/ Yoast SEO plugin. -->","yoast_head_json":{"title":"10 preguntas frecuentes antes de emprender - 123 Emprende","robots":{"index":"index","follow":"follow","max-snippet":"max-snippet:-1","max-image-preview":"max-image-preview:large","max-video-preview":"max-video-preview:-1"},"canonical":"https:\/\/123emprende.com\/blog\/10-preguntas-frecuentes-antes-de-emprender\/","og_locale":"es_ES","og_type":"article","og_title":"10 preguntas frecuentes antes de emprender - 123 Emprende","og_description":"\u00bfPuedo cobrar el paro en un pago \u00fanico? Si vas a darte de alta como aut\u00f3nomo, incorporarte como socio trabajador o de trabajo en una sociedad laboral o mercantil, o a una cooperativa, puedes beneficiarte del pago \u00fanico. Esta medida facilita las iniciativas de empleo aut\u00f3nomo abonando en un solo pago el importe de la [&hellip;]","og_url":"https:\/\/123emprende.com\/blog\/10-preguntas-frecuentes-antes-de-emprender\/","og_site_name":"123 Emprende","article_publisher":"https:\/\/www.facebook.com\/123emprende","article_published_time":"2021-03-08T21:54:19+00:00","article_modified_time":"2022-07-14T12:22:21+00:00","og_image":[{"width":1067,"height":600,"url":"https:\/\/123emprende.com\/blog\/wp-content\/uploads\/2022\/01\/Preguntas_frecuentes_emprendedores.jpg","type":"image\/jpeg"}],"author":"admin","twitter_card":"summary_large_image","twitter_creator":"@123emprende","twitter_site":"@123emprende","twitter_misc":{"Escrito por":"admin","Tiempo de lectura":"6 minutos"},"schema":{"@context":"https:\/\/schema.org","@graph":[{"@type":"Article","@id":"https:\/\/123emprende.com\/blog\/10-preguntas-frecuentes-antes-de-emprender\/#article","isPartOf":{"@id":"https:\/\/123emprende.com\/blog\/10-preguntas-frecuentes-antes-de-emprender\/"},"author":{"name":"admin","@id":"https:\/\/123emprende.com\/blog\/#\/schema\/person\/eb7c03f48f19f00f4bca7680d4ff197c"},"headline":"10 preguntas frecuentes antes de emprender","datePublished":"2021-03-08T21:54:19+00:00","dateModified":"2022-07-14T12:22:21+00:00","mainEntityOfPage":{"@id":"https:\/\/123emprende.com\/blog\/10-preguntas-frecuentes-antes-de-emprender\/"},"wordCount":1147,"publisher":{"@id":"https:\/\/123emprende.com\/blog\/#organization"},"image":{"@id":"https:\/\/123emprende.com\/blog\/10-preguntas-frecuentes-antes-de-emprender\/#primaryimage"},"thumbnailUrl":"https:\/\/123emprende.com\/blog\/wp-content\/uploads\/2022\/01\/Preguntas_frecuentes_emprendedores.jpg","keywords":["Emprendimiento"],"articleSection":["123emprende"],"inLanguage":"es"},{"@type":"WebPage","@id":"https:\/\/123emprende.com\/blog\/10-preguntas-frecuentes-antes-de-emprender\/","url":"https:\/\/123emprende.com\/blog\/10-preguntas-frecuentes-antes-de-emprender\/","name":"10 preguntas frecuentes antes de emprender - 123 Emprende","isPartOf":{"@id":"https:\/\/123emprende.com\/blog\/#website"},"primaryImageOfPage":{"@id":"https:\/\/123emprende.com\/blog\/10-preguntas-frecuentes-antes-de-emprender\/#primaryimage"},"image":{"@id":"https:\/\/123emprende.com\/blog\/10-preguntas-frecuentes-antes-de-emprender\/#primaryimage"},"thumbnailUrl":"https:\/\/123emprende.com\/blog\/wp-content\/uploads\/2022\/01\/Preguntas_frecuentes_emprendedores.jpg","datePublished":"2021-03-08T21:54:19+00:00","dateModified":"2022-07-14T12:22:21+00:00","breadcrumb":{"@id":"https:\/\/123emprende.com\/blog\/10-preguntas-frecuentes-antes-de-emprender\/#breadcrumb"},"inLanguage":"es","potentialAction":[{"@type":"ReadAction","target":["https:\/\/123emprende.com\/blog\/10-preguntas-frecuentes-antes-de-emprender\/"]}]},{"@type":"ImageObject","inLanguage":"es","@id":"https:\/\/123emprende.com\/blog\/10-preguntas-frecuentes-antes-de-emprender\/#primaryimage","url":"https:\/\/123emprende.com\/blog\/wp-content\/uploads\/2022\/01\/Preguntas_frecuentes_emprendedores.jpg","contentUrl":"https:\/\/123emprende.com\/blog\/wp-content\/uploads\/2022\/01\/Preguntas_frecuentes_emprendedores.jpg","width":1067,"height":600},{"@type":"BreadcrumbList","@id":"https:\/\/123emprende.com\/blog\/10-preguntas-frecuentes-antes-de-emprender\/#breadcrumb","itemListElement":[{"@type":"ListItem","position":1,"name":"Home","item":"https:\/\/123emprende.com\/blog\/"},{"@type":"ListItem","position":2,"name":"10 preguntas frecuentes antes de emprender"}]},{"@type":"WebSite","@id":"https:\/\/123emprende.com\/blog\/#website","url":"https:\/\/123emprende.com\/blog\/","name":"1,2,3,emprende","description":"Blog","publisher":{"@id":"https:\/\/123emprende.com\/blog\/#organization"},"potentialAction":[{"@type":"SearchAction","target":{"@type":"EntryPoint","urlTemplate":"https:\/\/123emprende.com\/blog\/?s={search_term_string}"},"query-input":{"@type":"PropertyValueSpecification","valueRequired":true,"valueName":"search_term_string"}}],"inLanguage":"es"},{"@type":"Organization","@id":"https:\/\/123emprende.com\/blog\/#organization","name":"1,2,3,emprende","url":"https:\/\/123emprende.com\/blog\/","logo":{"@type":"ImageObject","inLanguage":"es","@id":"https:\/\/123emprende.com\/blog\/#\/schema\/logo\/image\/","url":"https:\/\/123emprende.com\/blog\/wp-content\/uploads\/2022\/01\/123emprende.png","contentUrl":"https:\/\/123emprende.com\/blog\/wp-content\/uploads\/2022\/01\/123emprende.png","width":270,"height":65,"caption":"1,2,3,emprende"},"image":{"@id":"https:\/\/123emprende.com\/blog\/#\/schema\/logo\/image\/"},"sameAs":["https:\/\/www.facebook.com\/123emprende","https:\/\/x.com\/123emprende","https:\/\/www.instagram.com\/123emprende\/"]},{"@type":"Person","@id":"https:\/\/123emprende.com\/blog\/#\/schema\/person\/eb7c03f48f19f00f4bca7680d4ff197c","name":"admin","image":{"@type":"ImageObject","inLanguage":"es","@id":"https:\/\/123emprende.com\/blog\/#\/schema\/person\/image\/","url":"https:\/\/secure.gravatar.com\/avatar\/7a47578bea6e45ab073158f22bee6f0cab330856ff102d04fc883040ca5e0dd1?s=96&d=mm&r=g","contentUrl":"https:\/\/secure.gravatar.com\/avatar\/7a47578bea6e45ab073158f22bee6f0cab330856ff102d04fc883040ca5e0dd1?s=96&d=mm&r=g","caption":"admin"},"sameAs":["https:\/\/123emprende.com\/blog"],"url":"https:\/\/123emprende.com\/blog\/author\/deni_y6ibheej\/"}]}},"_links":{"self":[{"href":"https:\/\/123emprende.com\/blog\/wp-json\/wp\/v2\/posts\/7841","targetHints":{"allow":["GET"]}}],"collection":[{"href":"https:\/\/123emprende.com\/blog\/wp-json\/wp\/v2\/posts"}],"about":[{"href":"https:\/\/123emprende.com\/blog\/wp-json\/wp\/v2\/types\/post"}],"author":[{"embeddable":true,"href":"https:\/\/123emprende.com\/blog\/wp-json\/wp\/v2\/users\/1"}],"replies":[{"embeddable":true,"href":"https:\/\/123emprende.com\/blog\/wp-json\/wp\/v2\/comments?post=7841"}],"version-history":[{"count":3,"href":"https:\/\/123emprende.com\/blog\/wp-json\/wp\/v2\/posts\/7841\/revisions"}],"predecessor-version":[{"id":9313,"href":"https:\/\/123emprende.com\/blog\/wp-json\/wp\/v2\/posts\/7841\/revisions\/9313"}],"wp:featuredmedia":[{"embeddable":true,"href":"https:\/\/123emprende.com\/blog\/wp-json\/wp\/v2\/media\/9308"}],"wp:attachment":[{"href":"https:\/\/123emprende.com\/blog\/wp-json\/wp\/v2\/media?parent=7841"}],"wp:term":[{"taxonomy":"category","embeddable":true,"href":"https:\/\/123emprende.com\/blog\/wp-json\/wp\/v2\/categories?post=7841"},{"taxonomy":"post_tag","embeddable":true,"href":"https:\/\/123emprende.com\/blog\/wp-json\/wp\/v2\/tags?post=7841"}],"curies":[{"name":"wp","href":"https:\/\/api.w.org\/{rel}","templated":true}]}}