{"id":7752,"date":"2020-02-17T00:17:00","date_gmt":"2020-02-16T23:17:00","guid":{"rendered":"https:\/\/123emprende.com\/blog\/index.php\/2020\/01\/03\/free-form-styme-moda-para-personas-con-discapacidad\/"},"modified":"2022-09-26T09:05:30","modified_gmt":"2022-09-26T08:05:30","slug":"free-form-style-moda-para-personas-con-discapacidad","status":"publish","type":"post","link":"https:\/\/123emprende.com\/blog\/free-form-style-moda-para-personas-con-discapacidad\/","title":{"rendered":"Free Form Style, moda para personas con discapacidad"},"content":{"rendered":"<p>Los valores sobre los que se fundamenta este proyecto son <strong>autonom\u00eda<\/strong>, <strong>autoestima<\/strong>, <strong>adaptabilidad<\/strong> y <strong>moda<\/strong>.&nbsp;Free Form Style es una empresa pionera en el sector textil que se dedica a fabricar prendas adaptadas para personas&nbsp;con capacidades diferentes que quieren expresar su personalidad a trav\u00e9s de su forma de vestir. As\u00ed nos lo explica <strong>Marina Verg\u00e9s<\/strong>, estilista y especialista en periodismo de moda que ha creado esta marca junto a la empresaria <strong>Carolina Asensio<\/strong>, que adem\u00e1s es su prima.<\/p>\n<p><iframe loading=\"lazy\" class=\"img-responsive\" src=\"https:\/\/www.ivoox.com\/player_ej_48239622_2_1.html?data=lZ2flZ6adpOhhpywj5eVaZS1k5yah5yncZOhhpywj5WRaZi3jpWah5yncafmxsqYqNTWsYzH1d7Zx4qWh4zh0MnOjdXFtsKf0crf1dTSpdSfxNTbjcnNt8TV0cbQy8nFqI6ZmKiak5eXqc7k08rbxsqRaZi3jpk.&amp;\" width=\"100%\" height=\"120\" frameborder=\"0\" scrolling=\"no\" allowfullscreen=\"allowfullscreen\"><\/iframe>Estas dos emprendedoras vienen de distintas profesiones. Carolina es inform\u00e1tica y Marina, estilista y periodista de moda. La idea de negocio surgi\u00f3 a los dos a\u00f1os de que el hermano de Carolina sufriese un ictus que lo dej\u00f3 con un 80% de discapacidad. &#8220;<strong>Nos dimos cuenta de que en el mercado no hab\u00eda ropa adecuada para \u00e9l<\/strong>. Compramos unos pantalones y los tuneamos. Despu\u00e9s de ver la sonrisa en su cara al no ir con un chandal, decidimos crear nosotras mismas una marca de moda inclusiva&#8221;, nos cuenta Carolina.<\/p>\n<p><img decoding=\"async\" class=\"img-responsive\" src=\"https:\/\/www.123emprende.com\/blog\/wp-content\/uploads\/2022\/01\/FFS_GENERAL_123emprende.jpg\" alt=\"\" width=\"770\" height=\"472\"><\/p>\n<h3 style=\"text-align: center;\">&#8220;Es la moda que no se discrimina a nadie, ni por su talla, forma, color o tendencia sexual&#8221;<\/h3>\n<p style=\"text-align: center;\">Carolina Asensio, co-fundadora de&nbsp;Free Form Style<\/p>\n<p><img decoding=\"async\" class=\"img-responsive\" src=\"https:\/\/www.123emprende.com\/blog\/wp-content\/uploads\/2022\/01\/puntos_derecha.jpg\" alt=\"\" width=\"770\" height=\"18\"><\/p>\n<p>Comenzaron con una inversi\u00f3n inicial de&nbsp;<strong>40.000 euros<\/strong> que consiguieron reunir con el apoyo de familiares y la financiaci\u00f3n bancaria, aunque, seg\u00fan nos confiesa Carolina, han echado de menos la ayuda de la Administraci\u00f3n P\u00fablica para desarrollar este proyecto.<\/p>\n<p><strong>Hacen prendas de todo tipo<\/strong>. A medida y personalizadas. Ofrecen<strong> prendas c\u00f3modas<\/strong>, <strong>f\u00e1ciles de poner y quitar<\/strong> tanto para las personas con discapacidad como para los cuidadores.&nbsp;Adaptan patrones, crean nuevas estructuras y hacen patrones in\u00e9ditos, usan velcros, botones de cierre y cremalleras especiales.<\/p>\n<p>&#8220;A veces variamos nuestro pantal\u00f3n b\u00e1sico, otras veces reacemos una prenda nuestra seg\u00fan la necesidad del cliente. Y tambi\u00e9n, transformamos prendas personales del cliente para adaptarlas a sus nuevas condiciones&#8221;, explica Carolina.<\/p>\n<p><img decoding=\"async\" class=\"img-responsive\" src=\"https:\/\/www.123emprende.com\/blog\/wp-content\/uploads\/2022\/01\/Podcast.jpg\" alt=\"\" width=\"770\" height=\"433\"><\/p>\n","protected":false},"excerpt":{"rendered":"<p>Los valores sobre los que se fundamenta este proyecto son autonom\u00eda, autoestima, adaptabilidad y moda.&nbsp;Free Form Style es una empresa pionera en el sector textil que se dedica a fabricar prendas adaptadas para personas&nbsp;con capacidades diferentes que quieren expresar su personalidad a trav\u00e9s de su forma de vestir. As\u00ed nos lo explica Marina Verg\u00e9s, estilista [&hellip;]<\/p>\n","protected":false},"author":1,"featured_media":9547,"comment_status":"closed","ping_status":"closed","sticky":false,"template":"","format":"standard","meta":{"_et_pb_use_builder":"","_et_pb_old_content":"","_et_gb_content_width":"","footnotes":""},"categories":[14,7],"tags":[16],"class_list":["post-7752","post","type-post","status-publish","format-standard","has-post-thumbnail","hentry","category-casos-de-exito","category-ideas-de-negocio","tag-emprendimiento"],"yoast_head":"<!-- This site is optimized with the Yoast SEO plugin v23.5 - https:\/\/yoast.com\/wordpress\/plugins\/seo\/ -->\n<title>Free Form Style, moda para personas con discapacidad - 123 Emprende<\/title>\n<meta name=\"robots\" content=\"index, follow, max-snippet:-1, max-image-preview:large, max-video-preview:-1\" \/>\n<link rel=\"canonical\" href=\"https:\/\/123emprende.com\/blog\/free-form-style-moda-para-personas-con-discapacidad\/\" \/>\n<meta property=\"og:locale\" content=\"es_ES\" \/>\n<meta property=\"og:type\" content=\"article\" \/>\n<meta property=\"og:title\" content=\"Free Form Style, moda para personas con discapacidad - 123 Emprende\" \/>\n<meta property=\"og:description\" content=\"Los valores sobre los que se fundamenta este proyecto son autonom\u00eda, autoestima, adaptabilidad y moda.&nbsp;Free Form Style es una empresa pionera en el sector textil que se dedica a fabricar prendas adaptadas para personas&nbsp;con capacidades diferentes que quieren expresar su personalidad a trav\u00e9s de su forma de vestir. As\u00ed nos lo explica Marina Verg\u00e9s, estilista [&hellip;]\" \/>\n<meta property=\"og:url\" content=\"https:\/\/123emprende.com\/blog\/free-form-style-moda-para-personas-con-discapacidad\/\" \/>\n<meta property=\"og:site_name\" content=\"123 Emprende\" \/>\n<meta property=\"article:publisher\" content=\"https:\/\/www.facebook.com\/123emprende\" \/>\n<meta property=\"article:published_time\" content=\"2020-02-16T23:17:00+00:00\" \/>\n<meta property=\"article:modified_time\" content=\"2022-09-26T08:05:30+00:00\" \/>\n<meta property=\"og:image\" content=\"https:\/\/123emprende.com\/blog\/wp-content\/uploads\/2019\/09\/Free_Form_Style.jpg\" \/>\n\t<meta property=\"og:image:width\" content=\"1067\" \/>\n\t<meta property=\"og:image:height\" content=\"600\" \/>\n\t<meta property=\"og:image:type\" content=\"image\/jpeg\" \/>\n<meta name=\"author\" content=\"admin\" \/>\n<meta name=\"twitter:card\" content=\"summary_large_image\" \/>\n<meta name=\"twitter:creator\" content=\"@123emprende\" \/>\n<meta name=\"twitter:site\" content=\"@123emprende\" \/>\n<meta name=\"twitter:label1\" content=\"Escrito por\" \/>\n\t<meta name=\"twitter:data1\" content=\"admin\" \/>\n\t<meta name=\"twitter:label2\" content=\"Tiempo de lectura\" \/>\n\t<meta name=\"twitter:data2\" content=\"2 minutos\" \/>\n<script type=\"application\/ld+json\" class=\"yoast-schema-graph\">{\"@context\":\"https:\/\/schema.org\",\"@graph\":[{\"@type\":\"Article\",\"@id\":\"https:\/\/123emprende.com\/blog\/free-form-style-moda-para-personas-con-discapacidad\/#article\",\"isPartOf\":{\"@id\":\"https:\/\/123emprende.com\/blog\/free-form-style-moda-para-personas-con-discapacidad\/\"},\"author\":{\"name\":\"admin\",\"@id\":\"https:\/\/123emprende.com\/blog\/#\/schema\/person\/eb7c03f48f19f00f4bca7680d4ff197c\"},\"headline\":\"Free Form Style, moda para personas con discapacidad\",\"datePublished\":\"2020-02-16T23:17:00+00:00\",\"dateModified\":\"2022-09-26T08:05:30+00:00\",\"mainEntityOfPage\":{\"@id\":\"https:\/\/123emprende.com\/blog\/free-form-style-moda-para-personas-con-discapacidad\/\"},\"wordCount\":339,\"publisher\":{\"@id\":\"https:\/\/123emprende.com\/blog\/#organization\"},\"image\":{\"@id\":\"https:\/\/123emprende.com\/blog\/free-form-style-moda-para-personas-con-discapacidad\/#primaryimage\"},\"thumbnailUrl\":\"https:\/\/123emprende.com\/blog\/wp-content\/uploads\/2019\/09\/Free_Form_Style.jpg\",\"keywords\":[\"Emprendimiento\"],\"articleSection\":[\"Casos de \u00e9xito\",\"Ideas de negocio\"],\"inLanguage\":\"es\"},{\"@type\":\"WebPage\",\"@id\":\"https:\/\/123emprende.com\/blog\/free-form-style-moda-para-personas-con-discapacidad\/\",\"url\":\"https:\/\/123emprende.com\/blog\/free-form-style-moda-para-personas-con-discapacidad\/\",\"name\":\"Free Form Style, moda para personas con discapacidad - 123 Emprende\",\"isPartOf\":{\"@id\":\"https:\/\/123emprende.com\/blog\/#website\"},\"primaryImageOfPage\":{\"@id\":\"https:\/\/123emprende.com\/blog\/free-form-style-moda-para-personas-con-discapacidad\/#primaryimage\"},\"image\":{\"@id\":\"https:\/\/123emprende.com\/blog\/free-form-style-moda-para-personas-con-discapacidad\/#primaryimage\"},\"thumbnailUrl\":\"https:\/\/123emprende.com\/blog\/wp-content\/uploads\/2019\/09\/Free_Form_Style.jpg\",\"datePublished\":\"2020-02-16T23:17:00+00:00\",\"dateModified\":\"2022-09-26T08:05:30+00:00\",\"breadcrumb\":{\"@id\":\"https:\/\/123emprende.com\/blog\/free-form-style-moda-para-personas-con-discapacidad\/#breadcrumb\"},\"inLanguage\":\"es\",\"potentialAction\":[{\"@type\":\"ReadAction\",\"target\":[\"https:\/\/123emprende.com\/blog\/free-form-style-moda-para-personas-con-discapacidad\/\"]}]},{\"@type\":\"ImageObject\",\"inLanguage\":\"es\",\"@id\":\"https:\/\/123emprende.com\/blog\/free-form-style-moda-para-personas-con-discapacidad\/#primaryimage\",\"url\":\"https:\/\/123emprende.com\/blog\/wp-content\/uploads\/2019\/09\/Free_Form_Style.jpg\",\"contentUrl\":\"https:\/\/123emprende.com\/blog\/wp-content\/uploads\/2019\/09\/Free_Form_Style.jpg\",\"width\":1067,\"height\":600},{\"@type\":\"BreadcrumbList\",\"@id\":\"https:\/\/123emprende.com\/blog\/free-form-style-moda-para-personas-con-discapacidad\/#breadcrumb\",\"itemListElement\":[{\"@type\":\"ListItem\",\"position\":1,\"name\":\"Home\",\"item\":\"https:\/\/123emprende.com\/blog\/\"},{\"@type\":\"ListItem\",\"position\":2,\"name\":\"Free Form Style, moda para personas con discapacidad\"}]},{\"@type\":\"WebSite\",\"@id\":\"https:\/\/123emprende.com\/blog\/#website\",\"url\":\"https:\/\/123emprende.com\/blog\/\",\"name\":\"1,2,3,emprende\",\"description\":\"Blog\",\"publisher\":{\"@id\":\"https:\/\/123emprende.com\/blog\/#organization\"},\"potentialAction\":[{\"@type\":\"SearchAction\",\"target\":{\"@type\":\"EntryPoint\",\"urlTemplate\":\"https:\/\/123emprende.com\/blog\/?s={search_term_string}\"},\"query-input\":{\"@type\":\"PropertyValueSpecification\",\"valueRequired\":true,\"valueName\":\"search_term_string\"}}],\"inLanguage\":\"es\"},{\"@type\":\"Organization\",\"@id\":\"https:\/\/123emprende.com\/blog\/#organization\",\"name\":\"1,2,3,emprende\",\"url\":\"https:\/\/123emprende.com\/blog\/\",\"logo\":{\"@type\":\"ImageObject\",\"inLanguage\":\"es\",\"@id\":\"https:\/\/123emprende.com\/blog\/#\/schema\/logo\/image\/\",\"url\":\"https:\/\/123emprende.com\/blog\/wp-content\/uploads\/2022\/01\/123emprende.png\",\"contentUrl\":\"https:\/\/123emprende.com\/blog\/wp-content\/uploads\/2022\/01\/123emprende.png\",\"width\":270,\"height\":65,\"caption\":\"1,2,3,emprende\"},\"image\":{\"@id\":\"https:\/\/123emprende.com\/blog\/#\/schema\/logo\/image\/\"},\"sameAs\":[\"https:\/\/www.facebook.com\/123emprende\",\"https:\/\/x.com\/123emprende\",\"https:\/\/www.instagram.com\/123emprende\/\"]},{\"@type\":\"Person\",\"@id\":\"https:\/\/123emprende.com\/blog\/#\/schema\/person\/eb7c03f48f19f00f4bca7680d4ff197c\",\"name\":\"admin\",\"image\":{\"@type\":\"ImageObject\",\"inLanguage\":\"es\",\"@id\":\"https:\/\/123emprende.com\/blog\/#\/schema\/person\/image\/\",\"url\":\"https:\/\/secure.gravatar.com\/avatar\/7a47578bea6e45ab073158f22bee6f0cab330856ff102d04fc883040ca5e0dd1?s=96&d=mm&r=g\",\"contentUrl\":\"https:\/\/secure.gravatar.com\/avatar\/7a47578bea6e45ab073158f22bee6f0cab330856ff102d04fc883040ca5e0dd1?s=96&d=mm&r=g\",\"caption\":\"admin\"},\"sameAs\":[\"https:\/\/123emprende.com\/blog\"],\"url\":\"https:\/\/123emprende.com\/blog\/author\/deni_y6ibheej\/\"}]}<\/script>\n<!-- \/ Yoast SEO plugin. -->","yoast_head_json":{"title":"Free Form Style, moda para personas con discapacidad - 123 Emprende","robots":{"index":"index","follow":"follow","max-snippet":"max-snippet:-1","max-image-preview":"max-image-preview:large","max-video-preview":"max-video-preview:-1"},"canonical":"https:\/\/123emprende.com\/blog\/free-form-style-moda-para-personas-con-discapacidad\/","og_locale":"es_ES","og_type":"article","og_title":"Free Form Style, moda para personas con discapacidad - 123 Emprende","og_description":"Los valores sobre los que se fundamenta este proyecto son autonom\u00eda, autoestima, adaptabilidad y moda.&nbsp;Free Form Style es una empresa pionera en el sector textil que se dedica a fabricar prendas adaptadas para personas&nbsp;con capacidades diferentes que quieren expresar su personalidad a trav\u00e9s de su forma de vestir. As\u00ed nos lo explica Marina Verg\u00e9s, estilista [&hellip;]","og_url":"https:\/\/123emprende.com\/blog\/free-form-style-moda-para-personas-con-discapacidad\/","og_site_name":"123 Emprende","article_publisher":"https:\/\/www.facebook.com\/123emprende","article_published_time":"2020-02-16T23:17:00+00:00","article_modified_time":"2022-09-26T08:05:30+00:00","og_image":[{"width":1067,"height":600,"url":"https:\/\/123emprende.com\/blog\/wp-content\/uploads\/2019\/09\/Free_Form_Style.jpg","type":"image\/jpeg"}],"author":"admin","twitter_card":"summary_large_image","twitter_creator":"@123emprende","twitter_site":"@123emprende","twitter_misc":{"Escrito por":"admin","Tiempo de lectura":"2 minutos"},"schema":{"@context":"https:\/\/schema.org","@graph":[{"@type":"Article","@id":"https:\/\/123emprende.com\/blog\/free-form-style-moda-para-personas-con-discapacidad\/#article","isPartOf":{"@id":"https:\/\/123emprende.com\/blog\/free-form-style-moda-para-personas-con-discapacidad\/"},"author":{"name":"admin","@id":"https:\/\/123emprende.com\/blog\/#\/schema\/person\/eb7c03f48f19f00f4bca7680d4ff197c"},"headline":"Free Form Style, moda para personas con discapacidad","datePublished":"2020-02-16T23:17:00+00:00","dateModified":"2022-09-26T08:05:30+00:00","mainEntityOfPage":{"@id":"https:\/\/123emprende.com\/blog\/free-form-style-moda-para-personas-con-discapacidad\/"},"wordCount":339,"publisher":{"@id":"https:\/\/123emprende.com\/blog\/#organization"},"image":{"@id":"https:\/\/123emprende.com\/blog\/free-form-style-moda-para-personas-con-discapacidad\/#primaryimage"},"thumbnailUrl":"https:\/\/123emprende.com\/blog\/wp-content\/uploads\/2019\/09\/Free_Form_Style.jpg","keywords":["Emprendimiento"],"articleSection":["Casos de \u00e9xito","Ideas de negocio"],"inLanguage":"es"},{"@type":"WebPage","@id":"https:\/\/123emprende.com\/blog\/free-form-style-moda-para-personas-con-discapacidad\/","url":"https:\/\/123emprende.com\/blog\/free-form-style-moda-para-personas-con-discapacidad\/","name":"Free Form Style, moda para personas con discapacidad - 123 Emprende","isPartOf":{"@id":"https:\/\/123emprende.com\/blog\/#website"},"primaryImageOfPage":{"@id":"https:\/\/123emprende.com\/blog\/free-form-style-moda-para-personas-con-discapacidad\/#primaryimage"},"image":{"@id":"https:\/\/123emprende.com\/blog\/free-form-style-moda-para-personas-con-discapacidad\/#primaryimage"},"thumbnailUrl":"https:\/\/123emprende.com\/blog\/wp-content\/uploads\/2019\/09\/Free_Form_Style.jpg","datePublished":"2020-02-16T23:17:00+00:00","dateModified":"2022-09-26T08:05:30+00:00","breadcrumb":{"@id":"https:\/\/123emprende.com\/blog\/free-form-style-moda-para-personas-con-discapacidad\/#breadcrumb"},"inLanguage":"es","potentialAction":[{"@type":"ReadAction","target":["https:\/\/123emprende.com\/blog\/free-form-style-moda-para-personas-con-discapacidad\/"]}]},{"@type":"ImageObject","inLanguage":"es","@id":"https:\/\/123emprende.com\/blog\/free-form-style-moda-para-personas-con-discapacidad\/#primaryimage","url":"https:\/\/123emprende.com\/blog\/wp-content\/uploads\/2019\/09\/Free_Form_Style.jpg","contentUrl":"https:\/\/123emprende.com\/blog\/wp-content\/uploads\/2019\/09\/Free_Form_Style.jpg","width":1067,"height":600},{"@type":"BreadcrumbList","@id":"https:\/\/123emprende.com\/blog\/free-form-style-moda-para-personas-con-discapacidad\/#breadcrumb","itemListElement":[{"@type":"ListItem","position":1,"name":"Home","item":"https:\/\/123emprende.com\/blog\/"},{"@type":"ListItem","position":2,"name":"Free Form Style, moda para personas con discapacidad"}]},{"@type":"WebSite","@id":"https:\/\/123emprende.com\/blog\/#website","url":"https:\/\/123emprende.com\/blog\/","name":"1,2,3,emprende","description":"Blog","publisher":{"@id":"https:\/\/123emprende.com\/blog\/#organization"},"potentialAction":[{"@type":"SearchAction","target":{"@type":"EntryPoint","urlTemplate":"https:\/\/123emprende.com\/blog\/?s={search_term_string}"},"query-input":{"@type":"PropertyValueSpecification","valueRequired":true,"valueName":"search_term_string"}}],"inLanguage":"es"},{"@type":"Organization","@id":"https:\/\/123emprende.com\/blog\/#organization","name":"1,2,3,emprende","url":"https:\/\/123emprende.com\/blog\/","logo":{"@type":"ImageObject","inLanguage":"es","@id":"https:\/\/123emprende.com\/blog\/#\/schema\/logo\/image\/","url":"https:\/\/123emprende.com\/blog\/wp-content\/uploads\/2022\/01\/123emprende.png","contentUrl":"https:\/\/123emprende.com\/blog\/wp-content\/uploads\/2022\/01\/123emprende.png","width":270,"height":65,"caption":"1,2,3,emprende"},"image":{"@id":"https:\/\/123emprende.com\/blog\/#\/schema\/logo\/image\/"},"sameAs":["https:\/\/www.facebook.com\/123emprende","https:\/\/x.com\/123emprende","https:\/\/www.instagram.com\/123emprende\/"]},{"@type":"Person","@id":"https:\/\/123emprende.com\/blog\/#\/schema\/person\/eb7c03f48f19f00f4bca7680d4ff197c","name":"admin","image":{"@type":"ImageObject","inLanguage":"es","@id":"https:\/\/123emprende.com\/blog\/#\/schema\/person\/image\/","url":"https:\/\/secure.gravatar.com\/avatar\/7a47578bea6e45ab073158f22bee6f0cab330856ff102d04fc883040ca5e0dd1?s=96&d=mm&r=g","contentUrl":"https:\/\/secure.gravatar.com\/avatar\/7a47578bea6e45ab073158f22bee6f0cab330856ff102d04fc883040ca5e0dd1?s=96&d=mm&r=g","caption":"admin"},"sameAs":["https:\/\/123emprende.com\/blog"],"url":"https:\/\/123emprende.com\/blog\/author\/deni_y6ibheej\/"}]}},"_links":{"self":[{"href":"https:\/\/123emprende.com\/blog\/wp-json\/wp\/v2\/posts\/7752","targetHints":{"allow":["GET"]}}],"collection":[{"href":"https:\/\/123emprende.com\/blog\/wp-json\/wp\/v2\/posts"}],"about":[{"href":"https:\/\/123emprende.com\/blog\/wp-json\/wp\/v2\/types\/post"}],"author":[{"embeddable":true,"href":"https:\/\/123emprende.com\/blog\/wp-json\/wp\/v2\/users\/1"}],"replies":[{"embeddable":true,"href":"https:\/\/123emprende.com\/blog\/wp-json\/wp\/v2\/comments?post=7752"}],"version-history":[{"count":3,"href":"https:\/\/123emprende.com\/blog\/wp-json\/wp\/v2\/posts\/7752\/revisions"}],"predecessor-version":[{"id":9559,"href":"https:\/\/123emprende.com\/blog\/wp-json\/wp\/v2\/posts\/7752\/revisions\/9559"}],"wp:featuredmedia":[{"embeddable":true,"href":"https:\/\/123emprende.com\/blog\/wp-json\/wp\/v2\/media\/9547"}],"wp:attachment":[{"href":"https:\/\/123emprende.com\/blog\/wp-json\/wp\/v2\/media?parent=7752"}],"wp:term":[{"taxonomy":"category","embeddable":true,"href":"https:\/\/123emprende.com\/blog\/wp-json\/wp\/v2\/categories?post=7752"},{"taxonomy":"post_tag","embeddable":true,"href":"https:\/\/123emprende.com\/blog\/wp-json\/wp\/v2\/tags?post=7752"}],"curies":[{"name":"wp","href":"https:\/\/api.w.org\/{rel}","templated":true}]}}