{"id":6687,"date":"2017-03-01T21:59:44","date_gmt":"2017-03-01T20:59:44","guid":{"rendered":"https:\/\/123emprende.com\/blog\/index.php\/2017\/01\/03\/la-gestion-del-cambio-ni-mito-ni-moda\/"},"modified":"2022-09-26T09:05:37","modified_gmt":"2022-09-26T08:05:37","slug":"la-gestion-del-cambio-ni-mito-ni-moda","status":"publish","type":"post","link":"https:\/\/123emprende.com\/blog\/la-gestion-del-cambio-ni-mito-ni-moda\/","title":{"rendered":"La gesti\u00f3n del cambio: ni mito ni moda"},"content":{"rendered":"<p>Entonces, \u00bfYa vamos tarde?<\/p>\n<p>No falta mucho para ver robots ejecutando tareas de humanos y aunque produzca escalofr\u00edo, es inevitable y mejor no resistirse.<\/p>\n<p>La globalizaci\u00f3n e hiperconectividad nos han transformado de tal modo, que los paradigmas sociales, econ\u00f3micos y pol\u00edticos son insostenibles. Palabras como garant\u00eda, seguridad, estabilidad, continuo, predecible est\u00e1n siendo sustituidas por: incertidumbre, volatilidad, complejidad, ambig\u00fcedad, flexibilidad, adaptaci\u00f3n, resiliencia, entre otras.<\/p>\n<p>Muchas explicaciones apuntan a que la aceleraci\u00f3n tecnol\u00f3gica ha dejado de ser lineal para convertirse en exponencial. Esto significa que la velocidad a la que los avances tecnol\u00f3gicos han tenido lugar, est\u00e1 siendo desmesurada en el tiempo.<\/p>\n<p>Aspectos de nuestra vida cotidiana como la forma de trabajar, estudiar, relacionarnos, pensar, sentir, vivir, etc, son completamente distintos ahora a los de hace unos 50 a\u00f1os, pero de forma m\u00e1s acelerada en los \u00faltimos 10 a\u00f1os, b\u00e1sicamente porque ahora existen m\u00e1s variables que no controlamos.<\/p>\n<p>Estamos en medio de la <strong>\u201cModernidad L\u00edquida\u201d<\/strong>, t\u00e9rmino acu\u00f1ado por el gran fil\u00f3sofo, soci\u00f3logo, catedr\u00e1tico y escritor Zygmunt Bauman. &nbsp;Fluidez o liquidez son met\u00e1foras adecuadas para explicar la fase de la historia en la que nos encontramos. &nbsp;Si recurrimos a la solidez podemos explicar la era de la sociedad industrial en donde todo era m\u00e1s pesado, estable, duradero, con una forma clara y definida.<\/p>\n<p>En la \u00e9poca actual, en cambio, las cosas tienen una duraci\u00f3n mucho mas corta que en el pasado, no tienen una forma definida, todo es m\u00e1s liviano, incluso m\u00e1s difuso. Y todo lo anterior se puede entender mejor si revisamos por separado las distintas unidades de an\u00e1lisis como el trabajo, los estudios, la vida cotidiana, las relaciones.<\/p>\n<p>Anta\u00f1o se dec\u00eda que si estudiabas&nbsp; \u201cX o Y\u201d ser\u00eda para tener un trabajo para toda la vida. <strong>Ahora el conocimiento tiene una caducidad muy corta<\/strong> porque cada d\u00eda aparecen nuevos conceptos e ideas y porque la informaci\u00f3n es ilimitada, as\u00ed como los descubrimientos. Cuando empezabas a trabajar en una empresa, se supon\u00eda que estar\u00edas toda la vida ah\u00ed. <strong>En \u00e9sta \u00e9poca y con algo de suerte, las personas llegan a tener m\u00e1s de 5-7 trabajos en su vida profesional<\/strong>, otros trabajan de forma aut\u00f3noma despu\u00e9s de trabajar por cuenta ajena. Las relaciones ya no surgen \u00fanicamente de forma presencial, ahora podemos tener muchos conocidos, incluso amigos que nunca hemos visto f\u00edsicamente.<\/p>\n<p>Las empresas tambi\u00e9n est\u00e1n cambiando, porque sus componentes se transforman de forma continua. Una efectiva gesti\u00f3n del cambio marcar\u00e1 la diferencia entre las empresas que quieran sobrevivir ante el panorama empresarial del 2020.<\/p>\n<p>El estilo de liderazgo, el nivel de compromiso y los formatos de comunicaci\u00f3n no han de pasar desapercibidos en \u00e9pocas de transformaci\u00f3n. Las estructuras organizativas lineales y la cultura colaborativa: elementos clave para cambiar el rumbo de la empresa y dejar atr\u00e1s el viejo mindset. Tiempos de cambio, \u00e9pocas de reflexi\u00f3n invitan a preparar una nueva hoja de ruta que responda al \u201caqu\u00ed y ahora\u201d y que no olvidemos, caduca muy r\u00e1pidamente.<\/p>\n<p><strong>\u00bfY qu\u00e9 vamos a hacer, hacia d\u00f3nde debi\u00e9ramos de enfocarnos?<\/strong><\/p>\n<p>Esa es la pregunta habitual que recibo por parte de mis clientes. Y yo respondo dando cr\u00e9dito -por supuesto- al autor original de esta cita, Albert Einstein: \u201cSi buscas resultados distintos, no hagas siempre lo mismo\u201d.<\/p>\n<p>Si queremos tener <strong>equipos de trabajo comprometidos<\/strong>, hemos de aprender a generar ambientes de confianza que faciliten la sensaci\u00f3n de pertenencia e identidad, para luego volcarla hacia fuera y que los clientes lo perciban por todos los poros de la piel, es decir, en las campa\u00f1as de comunicaci\u00f3n, en los valores, en la seriedad y profesionalidad, en la forma de tratar, en la calidad de los productos\/servicios.<\/p>\n<p>Es fundamental escuchar todas las voces del sistema, es decir permitir que sean los equipos de trabajo los que construyan y dise\u00f1en sus soluciones a sus problemas, inventen nuevas formas de trabajo para hacer suyos los objetivos y que todo ello facilite su crecimiento y los lleve a convertirse en personas aut\u00f3nomas con auto liderazgo.<\/p>\n<p>Se ha hablado del trabajo en equipo hasta el cansancio, pero muchas empresas no tienen espacios abiertos que permitan romper barreras entre departamentos, no se crean equipos multidepartamentales para desarrollar proyectos o hacer brainstorming para solucionar un problema. Me viene a la cabeza una imagen que he tenido muchas veces: la de departamentos de una empresa como muchos pa\u00edses diferentes, en las que se hablan lenguas diferentes y se vive de formas diferentes sustentadas por culturas diferentes.<\/p>\n<p>Por eso creo que, al final se hace tan urgente en las organizaciones buscar el bien com\u00fan, fijar metas comunes para colaborar juntos en su consecuci\u00f3n y a posteriori ser capaces de celebrar esos logros.<\/p>\n<p>Hoy en d\u00eda es ya insostenible el estilo de liderazgo de anta\u00f1o del jefe de \u201cyo ordeno y mando\u201d. Las organizaciones del siglo XXI necesitan l\u00edderes que cedan el poder, que cocreen con sus equipos, que compartan informaci\u00f3n, que juntos dise\u00f1en los objetivos y empiecen desde el qu\u00e9, el c\u00f3mo, el cu\u00e1ndo, mediante planes de acci\u00f3n y la creaci\u00f3n de equipos de alto rendimiento con autoliderazgo donde al final se les deje hacer y no se les vigile como a ni\u00f1os peque\u00f1os.<\/p>\n<p>Estamos en tiempos del \u201cCo\u201d: coworking, colaboraci\u00f3n, corresponsabilidad, cocreaci\u00f3n, coliderazgo, cooperaci\u00f3n, coopetitividad (mejorar la competitividad mediante la cooperaci\u00f3n). <strong>Estamos pasando de lo individual a lo sist\u00e9mico, del organigrama jer\u00e1rquico al horizontal.<\/strong><\/p>\n<p>No vamos tarde si tomamos conciencia, nos paramos y analizamos la situaci\u00f3n actual, cambiamos viejos patrones, fijamos nuevos objetivos, generamos un plan de acci\u00f3n y \u00a1nos ponemos en marcha!<\/p>\n<p>Por: Alejandra McKelligan, fundadora de Contrasta.<\/p>\n<p>&nbsp;<\/p>\n<p>Fuentes:<\/p>\n<p>\u201cKnowmads Los Trabajadores del Futuro\u201d, de Raquel Roca<\/p>\n<p>\u201cModernindad L\u00edquida\u201d, de Zygmunt Bauman<\/p>\n<p>&nbsp;<\/p>\n","protected":false},"excerpt":{"rendered":"<p>Entonces, \u00bfYa vamos tarde? No falta mucho para ver robots ejecutando tareas de humanos y aunque produzca escalofr\u00edo, es inevitable y mejor no resistirse. La globalizaci\u00f3n e hiperconectividad nos han transformado de tal modo, que los paradigmas sociales, econ\u00f3micos y pol\u00edticos son insostenibles. Palabras como garant\u00eda, seguridad, estabilidad, continuo, predecible est\u00e1n siendo sustituidas por: incertidumbre, [&hellip;]<\/p>\n","protected":false},"author":1,"featured_media":10075,"comment_status":"open","ping_status":"closed","sticky":false,"template":"","format":"standard","meta":{"_et_pb_use_builder":"","_et_pb_old_content":"","_et_gb_content_width":"","footnotes":""},"categories":[14,7],"tags":[12,18,34,32,31,16,23],"class_list":["post-6687","post","type-post","status-publish","format-standard","has-post-thumbnail","hentry","category-casos-de-exito","category-ideas-de-negocio","tag-actualidad","tag-coworking","tag-creacion-de-empresas","tag-emprendedoras","tag-emprendedores","tag-emprendimiento","tag-ideas-de-negocio"],"yoast_head":"<!-- This site is optimized with the Yoast SEO plugin v23.5 - https:\/\/yoast.com\/wordpress\/plugins\/seo\/ -->\n<title>La gesti\u00f3n del cambio: ni mito ni moda - 123 Emprende<\/title>\n<meta name=\"robots\" content=\"index, follow, max-snippet:-1, max-image-preview:large, max-video-preview:-1\" \/>\n<link rel=\"canonical\" href=\"https:\/\/123emprende.com\/blog\/la-gestion-del-cambio-ni-mito-ni-moda\/\" \/>\n<meta property=\"og:locale\" content=\"es_ES\" \/>\n<meta property=\"og:type\" content=\"article\" \/>\n<meta property=\"og:title\" content=\"La gesti\u00f3n del cambio: ni mito ni moda - 123 Emprende\" \/>\n<meta property=\"og:description\" content=\"Entonces, \u00bfYa vamos tarde? No falta mucho para ver robots ejecutando tareas de humanos y aunque produzca escalofr\u00edo, es inevitable y mejor no resistirse. La globalizaci\u00f3n e hiperconectividad nos han transformado de tal modo, que los paradigmas sociales, econ\u00f3micos y pol\u00edticos son insostenibles. Palabras como garant\u00eda, seguridad, estabilidad, continuo, predecible est\u00e1n siendo sustituidas por: incertidumbre, [&hellip;]\" \/>\n<meta property=\"og:url\" content=\"https:\/\/123emprende.com\/blog\/la-gestion-del-cambio-ni-mito-ni-moda\/\" \/>\n<meta property=\"og:site_name\" content=\"123 Emprende\" \/>\n<meta property=\"article:publisher\" content=\"https:\/\/www.facebook.com\/123emprende\" \/>\n<meta property=\"article:published_time\" content=\"2017-03-01T20:59:44+00:00\" \/>\n<meta property=\"article:modified_time\" content=\"2022-09-26T08:05:37+00:00\" \/>\n<meta property=\"og:image\" content=\"https:\/\/123emprende.com\/blog\/wp-content\/uploads\/2017\/03\/07-La-gestion-del-cambio-BLOG_1.jpg\" \/>\n\t<meta property=\"og:image:width\" content=\"825\" \/>\n\t<meta property=\"og:image:height\" content=\"510\" \/>\n\t<meta property=\"og:image:type\" content=\"image\/jpeg\" \/>\n<meta name=\"author\" content=\"admin\" \/>\n<meta name=\"twitter:card\" content=\"summary_large_image\" \/>\n<meta name=\"twitter:creator\" content=\"@123emprende\" \/>\n<meta name=\"twitter:site\" content=\"@123emprende\" \/>\n<meta name=\"twitter:label1\" content=\"Escrito por\" \/>\n\t<meta name=\"twitter:data1\" content=\"admin\" \/>\n\t<meta name=\"twitter:label2\" content=\"Tiempo de lectura\" \/>\n\t<meta name=\"twitter:data2\" content=\"5 minutos\" \/>\n<script type=\"application\/ld+json\" class=\"yoast-schema-graph\">{\"@context\":\"https:\/\/schema.org\",\"@graph\":[{\"@type\":\"Article\",\"@id\":\"https:\/\/123emprende.com\/blog\/la-gestion-del-cambio-ni-mito-ni-moda\/#article\",\"isPartOf\":{\"@id\":\"https:\/\/123emprende.com\/blog\/la-gestion-del-cambio-ni-mito-ni-moda\/\"},\"author\":{\"name\":\"admin\",\"@id\":\"https:\/\/123emprende.com\/blog\/#\/schema\/person\/eb7c03f48f19f00f4bca7680d4ff197c\"},\"headline\":\"La gesti\u00f3n del cambio: ni mito ni moda\",\"datePublished\":\"2017-03-01T20:59:44+00:00\",\"dateModified\":\"2022-09-26T08:05:37+00:00\",\"mainEntityOfPage\":{\"@id\":\"https:\/\/123emprende.com\/blog\/la-gestion-del-cambio-ni-mito-ni-moda\/\"},\"wordCount\":1016,\"commentCount\":0,\"publisher\":{\"@id\":\"https:\/\/123emprende.com\/blog\/#organization\"},\"image\":{\"@id\":\"https:\/\/123emprende.com\/blog\/la-gestion-del-cambio-ni-mito-ni-moda\/#primaryimage\"},\"thumbnailUrl\":\"https:\/\/123emprende.com\/blog\/wp-content\/uploads\/2017\/03\/07-La-gestion-del-cambio-BLOG_1.jpg\",\"keywords\":[\"Actualidad\",\"Coworking\",\"Creaci\u00f3n de empresas\",\"Emprendedoras\",\"Emprendedores\",\"Emprendimiento\",\"Ideas de negocio\"],\"articleSection\":[\"Casos de \u00e9xito\",\"Ideas de negocio\"],\"inLanguage\":\"es\",\"potentialAction\":[{\"@type\":\"CommentAction\",\"name\":\"Comment\",\"target\":[\"https:\/\/123emprende.com\/blog\/la-gestion-del-cambio-ni-mito-ni-moda\/#respond\"]}]},{\"@type\":\"WebPage\",\"@id\":\"https:\/\/123emprende.com\/blog\/la-gestion-del-cambio-ni-mito-ni-moda\/\",\"url\":\"https:\/\/123emprende.com\/blog\/la-gestion-del-cambio-ni-mito-ni-moda\/\",\"name\":\"La gesti\u00f3n del cambio: ni mito ni moda - 123 Emprende\",\"isPartOf\":{\"@id\":\"https:\/\/123emprende.com\/blog\/#website\"},\"primaryImageOfPage\":{\"@id\":\"https:\/\/123emprende.com\/blog\/la-gestion-del-cambio-ni-mito-ni-moda\/#primaryimage\"},\"image\":{\"@id\":\"https:\/\/123emprende.com\/blog\/la-gestion-del-cambio-ni-mito-ni-moda\/#primaryimage\"},\"thumbnailUrl\":\"https:\/\/123emprende.com\/blog\/wp-content\/uploads\/2017\/03\/07-La-gestion-del-cambio-BLOG_1.jpg\",\"datePublished\":\"2017-03-01T20:59:44+00:00\",\"dateModified\":\"2022-09-26T08:05:37+00:00\",\"breadcrumb\":{\"@id\":\"https:\/\/123emprende.com\/blog\/la-gestion-del-cambio-ni-mito-ni-moda\/#breadcrumb\"},\"inLanguage\":\"es\",\"potentialAction\":[{\"@type\":\"ReadAction\",\"target\":[\"https:\/\/123emprende.com\/blog\/la-gestion-del-cambio-ni-mito-ni-moda\/\"]}]},{\"@type\":\"ImageObject\",\"inLanguage\":\"es\",\"@id\":\"https:\/\/123emprende.com\/blog\/la-gestion-del-cambio-ni-mito-ni-moda\/#primaryimage\",\"url\":\"https:\/\/123emprende.com\/blog\/wp-content\/uploads\/2017\/03\/07-La-gestion-del-cambio-BLOG_1.jpg\",\"contentUrl\":\"https:\/\/123emprende.com\/blog\/wp-content\/uploads\/2017\/03\/07-La-gestion-del-cambio-BLOG_1.jpg\",\"width\":825,\"height\":510},{\"@type\":\"BreadcrumbList\",\"@id\":\"https:\/\/123emprende.com\/blog\/la-gestion-del-cambio-ni-mito-ni-moda\/#breadcrumb\",\"itemListElement\":[{\"@type\":\"ListItem\",\"position\":1,\"name\":\"Home\",\"item\":\"https:\/\/123emprende.com\/blog\/\"},{\"@type\":\"ListItem\",\"position\":2,\"name\":\"La gesti\u00f3n del cambio: ni mito ni moda\"}]},{\"@type\":\"WebSite\",\"@id\":\"https:\/\/123emprende.com\/blog\/#website\",\"url\":\"https:\/\/123emprende.com\/blog\/\",\"name\":\"1,2,3,emprende\",\"description\":\"Blog\",\"publisher\":{\"@id\":\"https:\/\/123emprende.com\/blog\/#organization\"},\"potentialAction\":[{\"@type\":\"SearchAction\",\"target\":{\"@type\":\"EntryPoint\",\"urlTemplate\":\"https:\/\/123emprende.com\/blog\/?s={search_term_string}\"},\"query-input\":{\"@type\":\"PropertyValueSpecification\",\"valueRequired\":true,\"valueName\":\"search_term_string\"}}],\"inLanguage\":\"es\"},{\"@type\":\"Organization\",\"@id\":\"https:\/\/123emprende.com\/blog\/#organization\",\"name\":\"1,2,3,emprende\",\"url\":\"https:\/\/123emprende.com\/blog\/\",\"logo\":{\"@type\":\"ImageObject\",\"inLanguage\":\"es\",\"@id\":\"https:\/\/123emprende.com\/blog\/#\/schema\/logo\/image\/\",\"url\":\"https:\/\/123emprende.com\/blog\/wp-content\/uploads\/2022\/01\/123emprende.png\",\"contentUrl\":\"https:\/\/123emprende.com\/blog\/wp-content\/uploads\/2022\/01\/123emprende.png\",\"width\":270,\"height\":65,\"caption\":\"1,2,3,emprende\"},\"image\":{\"@id\":\"https:\/\/123emprende.com\/blog\/#\/schema\/logo\/image\/\"},\"sameAs\":[\"https:\/\/www.facebook.com\/123emprende\",\"https:\/\/x.com\/123emprende\",\"https:\/\/www.instagram.com\/123emprende\/\"]},{\"@type\":\"Person\",\"@id\":\"https:\/\/123emprende.com\/blog\/#\/schema\/person\/eb7c03f48f19f00f4bca7680d4ff197c\",\"name\":\"admin\",\"image\":{\"@type\":\"ImageObject\",\"inLanguage\":\"es\",\"@id\":\"https:\/\/123emprende.com\/blog\/#\/schema\/person\/image\/\",\"url\":\"https:\/\/secure.gravatar.com\/avatar\/7a47578bea6e45ab073158f22bee6f0cab330856ff102d04fc883040ca5e0dd1?s=96&d=mm&r=g\",\"contentUrl\":\"https:\/\/secure.gravatar.com\/avatar\/7a47578bea6e45ab073158f22bee6f0cab330856ff102d04fc883040ca5e0dd1?s=96&d=mm&r=g\",\"caption\":\"admin\"},\"sameAs\":[\"https:\/\/123emprende.com\/blog\"],\"url\":\"https:\/\/123emprende.com\/blog\/author\/deni_y6ibheej\/\"}]}<\/script>\n<!-- \/ Yoast SEO plugin. -->","yoast_head_json":{"title":"La gesti\u00f3n del cambio: ni mito ni moda - 123 Emprende","robots":{"index":"index","follow":"follow","max-snippet":"max-snippet:-1","max-image-preview":"max-image-preview:large","max-video-preview":"max-video-preview:-1"},"canonical":"https:\/\/123emprende.com\/blog\/la-gestion-del-cambio-ni-mito-ni-moda\/","og_locale":"es_ES","og_type":"article","og_title":"La gesti\u00f3n del cambio: ni mito ni moda - 123 Emprende","og_description":"Entonces, \u00bfYa vamos tarde? No falta mucho para ver robots ejecutando tareas de humanos y aunque produzca escalofr\u00edo, es inevitable y mejor no resistirse. La globalizaci\u00f3n e hiperconectividad nos han transformado de tal modo, que los paradigmas sociales, econ\u00f3micos y pol\u00edticos son insostenibles. Palabras como garant\u00eda, seguridad, estabilidad, continuo, predecible est\u00e1n siendo sustituidas por: incertidumbre, [&hellip;]","og_url":"https:\/\/123emprende.com\/blog\/la-gestion-del-cambio-ni-mito-ni-moda\/","og_site_name":"123 Emprende","article_publisher":"https:\/\/www.facebook.com\/123emprende","article_published_time":"2017-03-01T20:59:44+00:00","article_modified_time":"2022-09-26T08:05:37+00:00","og_image":[{"width":825,"height":510,"url":"https:\/\/123emprende.com\/blog\/wp-content\/uploads\/2017\/03\/07-La-gestion-del-cambio-BLOG_1.jpg","type":"image\/jpeg"}],"author":"admin","twitter_card":"summary_large_image","twitter_creator":"@123emprende","twitter_site":"@123emprende","twitter_misc":{"Escrito por":"admin","Tiempo de lectura":"5 minutos"},"schema":{"@context":"https:\/\/schema.org","@graph":[{"@type":"Article","@id":"https:\/\/123emprende.com\/blog\/la-gestion-del-cambio-ni-mito-ni-moda\/#article","isPartOf":{"@id":"https:\/\/123emprende.com\/blog\/la-gestion-del-cambio-ni-mito-ni-moda\/"},"author":{"name":"admin","@id":"https:\/\/123emprende.com\/blog\/#\/schema\/person\/eb7c03f48f19f00f4bca7680d4ff197c"},"headline":"La gesti\u00f3n del cambio: ni mito ni moda","datePublished":"2017-03-01T20:59:44+00:00","dateModified":"2022-09-26T08:05:37+00:00","mainEntityOfPage":{"@id":"https:\/\/123emprende.com\/blog\/la-gestion-del-cambio-ni-mito-ni-moda\/"},"wordCount":1016,"commentCount":0,"publisher":{"@id":"https:\/\/123emprende.com\/blog\/#organization"},"image":{"@id":"https:\/\/123emprende.com\/blog\/la-gestion-del-cambio-ni-mito-ni-moda\/#primaryimage"},"thumbnailUrl":"https:\/\/123emprende.com\/blog\/wp-content\/uploads\/2017\/03\/07-La-gestion-del-cambio-BLOG_1.jpg","keywords":["Actualidad","Coworking","Creaci\u00f3n de empresas","Emprendedoras","Emprendedores","Emprendimiento","Ideas de negocio"],"articleSection":["Casos de \u00e9xito","Ideas de negocio"],"inLanguage":"es","potentialAction":[{"@type":"CommentAction","name":"Comment","target":["https:\/\/123emprende.com\/blog\/la-gestion-del-cambio-ni-mito-ni-moda\/#respond"]}]},{"@type":"WebPage","@id":"https:\/\/123emprende.com\/blog\/la-gestion-del-cambio-ni-mito-ni-moda\/","url":"https:\/\/123emprende.com\/blog\/la-gestion-del-cambio-ni-mito-ni-moda\/","name":"La gesti\u00f3n del cambio: ni mito ni moda - 123 Emprende","isPartOf":{"@id":"https:\/\/123emprende.com\/blog\/#website"},"primaryImageOfPage":{"@id":"https:\/\/123emprende.com\/blog\/la-gestion-del-cambio-ni-mito-ni-moda\/#primaryimage"},"image":{"@id":"https:\/\/123emprende.com\/blog\/la-gestion-del-cambio-ni-mito-ni-moda\/#primaryimage"},"thumbnailUrl":"https:\/\/123emprende.com\/blog\/wp-content\/uploads\/2017\/03\/07-La-gestion-del-cambio-BLOG_1.jpg","datePublished":"2017-03-01T20:59:44+00:00","dateModified":"2022-09-26T08:05:37+00:00","breadcrumb":{"@id":"https:\/\/123emprende.com\/blog\/la-gestion-del-cambio-ni-mito-ni-moda\/#breadcrumb"},"inLanguage":"es","potentialAction":[{"@type":"ReadAction","target":["https:\/\/123emprende.com\/blog\/la-gestion-del-cambio-ni-mito-ni-moda\/"]}]},{"@type":"ImageObject","inLanguage":"es","@id":"https:\/\/123emprende.com\/blog\/la-gestion-del-cambio-ni-mito-ni-moda\/#primaryimage","url":"https:\/\/123emprende.com\/blog\/wp-content\/uploads\/2017\/03\/07-La-gestion-del-cambio-BLOG_1.jpg","contentUrl":"https:\/\/123emprende.com\/blog\/wp-content\/uploads\/2017\/03\/07-La-gestion-del-cambio-BLOG_1.jpg","width":825,"height":510},{"@type":"BreadcrumbList","@id":"https:\/\/123emprende.com\/blog\/la-gestion-del-cambio-ni-mito-ni-moda\/#breadcrumb","itemListElement":[{"@type":"ListItem","position":1,"name":"Home","item":"https:\/\/123emprende.com\/blog\/"},{"@type":"ListItem","position":2,"name":"La gesti\u00f3n del cambio: ni mito ni moda"}]},{"@type":"WebSite","@id":"https:\/\/123emprende.com\/blog\/#website","url":"https:\/\/123emprende.com\/blog\/","name":"1,2,3,emprende","description":"Blog","publisher":{"@id":"https:\/\/123emprende.com\/blog\/#organization"},"potentialAction":[{"@type":"SearchAction","target":{"@type":"EntryPoint","urlTemplate":"https:\/\/123emprende.com\/blog\/?s={search_term_string}"},"query-input":{"@type":"PropertyValueSpecification","valueRequired":true,"valueName":"search_term_string"}}],"inLanguage":"es"},{"@type":"Organization","@id":"https:\/\/123emprende.com\/blog\/#organization","name":"1,2,3,emprende","url":"https:\/\/123emprende.com\/blog\/","logo":{"@type":"ImageObject","inLanguage":"es","@id":"https:\/\/123emprende.com\/blog\/#\/schema\/logo\/image\/","url":"https:\/\/123emprende.com\/blog\/wp-content\/uploads\/2022\/01\/123emprende.png","contentUrl":"https:\/\/123emprende.com\/blog\/wp-content\/uploads\/2022\/01\/123emprende.png","width":270,"height":65,"caption":"1,2,3,emprende"},"image":{"@id":"https:\/\/123emprende.com\/blog\/#\/schema\/logo\/image\/"},"sameAs":["https:\/\/www.facebook.com\/123emprende","https:\/\/x.com\/123emprende","https:\/\/www.instagram.com\/123emprende\/"]},{"@type":"Person","@id":"https:\/\/123emprende.com\/blog\/#\/schema\/person\/eb7c03f48f19f00f4bca7680d4ff197c","name":"admin","image":{"@type":"ImageObject","inLanguage":"es","@id":"https:\/\/123emprende.com\/blog\/#\/schema\/person\/image\/","url":"https:\/\/secure.gravatar.com\/avatar\/7a47578bea6e45ab073158f22bee6f0cab330856ff102d04fc883040ca5e0dd1?s=96&d=mm&r=g","contentUrl":"https:\/\/secure.gravatar.com\/avatar\/7a47578bea6e45ab073158f22bee6f0cab330856ff102d04fc883040ca5e0dd1?s=96&d=mm&r=g","caption":"admin"},"sameAs":["https:\/\/123emprende.com\/blog"],"url":"https:\/\/123emprende.com\/blog\/author\/deni_y6ibheej\/"}]}},"_links":{"self":[{"href":"https:\/\/123emprende.com\/blog\/wp-json\/wp\/v2\/posts\/6687","targetHints":{"allow":["GET"]}}],"collection":[{"href":"https:\/\/123emprende.com\/blog\/wp-json\/wp\/v2\/posts"}],"about":[{"href":"https:\/\/123emprende.com\/blog\/wp-json\/wp\/v2\/types\/post"}],"author":[{"embeddable":true,"href":"https:\/\/123emprende.com\/blog\/wp-json\/wp\/v2\/users\/1"}],"replies":[{"embeddable":true,"href":"https:\/\/123emprende.com\/blog\/wp-json\/wp\/v2\/comments?post=6687"}],"version-history":[{"count":2,"href":"https:\/\/123emprende.com\/blog\/wp-json\/wp\/v2\/posts\/6687\/revisions"}],"predecessor-version":[{"id":10076,"href":"https:\/\/123emprende.com\/blog\/wp-json\/wp\/v2\/posts\/6687\/revisions\/10076"}],"wp:featuredmedia":[{"embeddable":true,"href":"https:\/\/123emprende.com\/blog\/wp-json\/wp\/v2\/media\/10075"}],"wp:attachment":[{"href":"https:\/\/123emprende.com\/blog\/wp-json\/wp\/v2\/media?parent=6687"}],"wp:term":[{"taxonomy":"category","embeddable":true,"href":"https:\/\/123emprende.com\/blog\/wp-json\/wp\/v2\/categories?post=6687"},{"taxonomy":"post_tag","embeddable":true,"href":"https:\/\/123emprende.com\/blog\/wp-json\/wp\/v2\/tags?post=6687"}],"curies":[{"name":"wp","href":"https:\/\/api.w.org\/{rel}","templated":true}]}}