{"id":6372,"date":"2017-12-27T09:50:55","date_gmt":"2017-12-27T08:50:55","guid":{"rendered":"https:\/\/123emprende.com\/blog\/index.php\/2022\/01\/03\/enrelec\/"},"modified":"2022-01-25T17:10:59","modified_gmt":"2022-01-25T16:10:59","slug":"enrelec","status":"publish","type":"post","link":"https:\/\/123emprende.com\/blog\/enrelec\/","title":{"rendered":"ENRELEC"},"content":{"rendered":"<p style=\"text-align: center;\">Energ\u00edas Renovables y Electricidad?<\/p>\n<p>?<\/p>\n<p>Tom\u00e1s<\/p>\n<p>CEO de Enrelec<\/p>\n<p>\u00a0<\/p>\n<p>\u00a0<\/p>\n<p>\u00b7\u00a0\u00a0\u00a0\u00a0\u00a0\u00a0\u00a0\u00a0\u00a0Actividad:<\/p>\n<p>? Diversos servicios dentro del sector de la electricidad y las energ\u00edas renovables.?<\/p>\n<p>\u00a0<\/p>\n<p>\u00b7\u00a0\u00a0\u00a0\u00a0\u00a0\u00a0\u00a0\u00a0\u00a0Fecha\u00a0prevista\u00a0de\u00a0puesta en marcha:<\/p>\n<p>? inicialmente se ten\u00eda prevista para inicio de agosto de 2015, pero la situaci\u00f3n actual y la evoluci\u00f3n de los proyectos est\u00e1 retrasando el lanzamiento final de la empresa.?<\/p>\n<p>\u00a0<\/p>\n<p>\u00b7\u00a0\u00a0\u00a0\u00a0\u00a0\u00a0\u00a0\u00a0\u00a0\u00bfPor qu\u00e9\u00a0quieres\u00a0emprender?<\/p>\n<p>?: por la situaci\u00f3n laboral, personal, social y por un sue\u00f1o. Harto de ver como las empresas exprimen las cualidades t\u00e9cnicas y laborales de los j\u00f3venes, debido a una ley laboral en la que se ha perdido un gran n\u00famero de derechos laborales y en un mercado d\u00f3nde al fin y al cabo, personalmente, no veo tanta diferencia entre un asalariado y un aut\u00f3nomo. Todas estas causas,junto con el sue\u00f1o desde hac\u00eda mucho de montar mi propio negocio, provocan el nacimiento de este proyecto empresarial. Poner en valor todos los conocimientos t\u00e9cnicos y laborales, obtenidos a lo largo de los a\u00f1os en las escuelas de ense\u00f1anza p\u00fablica y en las diversas empresas en las que se ha trabajado, junto con el sue\u00f1o de crear una empresa, hacen que el emprender sea apasionante.<\/p>\n<p>\u00a0<\/p>\n<p>\u00b7\u00a0\u00a0\u00a0\u00a0\u00a0\u00a0\u00a0\u00a0\u00a0\u00bfQu\u00e9 cualidades crees que debe tener un emprendedor?<\/p>\n<p>?: m\u00e1s que cualidades espec\u00edficas es una mezcla de varias. Y seg\u00fan la persona, seg\u00fan el tipo de proyecto empresarial y seg\u00fan el modelo que se quiera llevar adelante, depender\u00e1 mucho de las cualidades t\u00e9cnicas, laborales y tambi\u00e9n social?.<\/p>\n<p>\u00a0<\/p>\n<p>\u00b7\u00a0\u00a0\u00a0\u00a0\u00a0\u00a0\u00a0\u00a0\u00a0\u00bfCu\u00e1les son las principales trabas con las que te est\u00e1s encontrando?<\/p>\n<p>?: respecto a este tema, ?m\u00e1s que trabas es el alto coste al que se tiene que hacer frente, ya que el modelo de pago de impuestos sobre los trabajadores aut\u00f3nomos en Espa\u00f1a no es el m\u00e1s id\u00f3neo, incluso fomenta la econom\u00eda sumergida. El marco de ayudas no se ajusta a las necesidades reales, y son &#8220;pan para hoy, hambre para ma\u00f1ana&#8221;.\u00a0<\/p>\n<p>\u00a0<\/p>\n","protected":false},"excerpt":{"rendered":"<p>Energ\u00edas Renovables y Electricidad? ? Tom\u00e1s CEO de Enrelec \u00a0 \u00a0 \u00b7\u00a0\u00a0\u00a0\u00a0\u00a0\u00a0\u00a0\u00a0\u00a0Actividad: ? Diversos servicios dentro del sector de la electricidad y las energ\u00edas renovables.? \u00a0 \u00b7\u00a0\u00a0\u00a0\u00a0\u00a0\u00a0\u00a0\u00a0\u00a0Fecha\u00a0prevista\u00a0de\u00a0puesta en marcha: ? inicialmente se ten\u00eda prevista para inicio de agosto de 2015, pero la situaci\u00f3n actual y la evoluci\u00f3n de los proyectos est\u00e1 retrasando el lanzamiento final [&hellip;]<\/p>\n","protected":false},"author":1,"featured_media":0,"comment_status":"open","ping_status":"closed","sticky":false,"template":"","format":"standard","meta":{"_et_pb_use_builder":"","_et_pb_old_content":"","_et_gb_content_width":"","footnotes":""},"categories":[1],"tags":[],"class_list":["post-6372","post","type-post","status-publish","format-standard","hentry","category-123emprende"],"yoast_head":"<!-- This site is optimized with the Yoast SEO plugin v23.5 - https:\/\/yoast.com\/wordpress\/plugins\/seo\/ -->\n<title>ENRELEC - 123 Emprende<\/title>\n<meta name=\"robots\" content=\"index, follow, max-snippet:-1, max-image-preview:large, max-video-preview:-1\" \/>\n<link rel=\"canonical\" href=\"https:\/\/123emprende.com\/blog\/enrelec\/\" \/>\n<meta property=\"og:locale\" content=\"es_ES\" \/>\n<meta property=\"og:type\" content=\"article\" \/>\n<meta property=\"og:title\" content=\"ENRELEC - 123 Emprende\" \/>\n<meta property=\"og:description\" content=\"Energ\u00edas Renovables y Electricidad? ? Tom\u00e1s CEO de Enrelec \u00a0 \u00a0 \u00b7\u00a0\u00a0\u00a0\u00a0\u00a0\u00a0\u00a0\u00a0\u00a0Actividad: ? Diversos servicios dentro del sector de la electricidad y las energ\u00edas renovables.? \u00a0 \u00b7\u00a0\u00a0\u00a0\u00a0\u00a0\u00a0\u00a0\u00a0\u00a0Fecha\u00a0prevista\u00a0de\u00a0puesta en marcha: ? inicialmente se ten\u00eda prevista para inicio de agosto de 2015, pero la situaci\u00f3n actual y la evoluci\u00f3n de los proyectos est\u00e1 retrasando el lanzamiento final [&hellip;]\" \/>\n<meta property=\"og:url\" content=\"https:\/\/123emprende.com\/blog\/enrelec\/\" \/>\n<meta property=\"og:site_name\" content=\"123 Emprende\" \/>\n<meta property=\"article:publisher\" content=\"https:\/\/www.facebook.com\/123emprende\" \/>\n<meta property=\"article:published_time\" content=\"2017-12-27T08:50:55+00:00\" \/>\n<meta property=\"article:modified_time\" content=\"2022-01-25T16:10:59+00:00\" \/>\n<meta name=\"author\" content=\"admin\" \/>\n<meta name=\"twitter:card\" content=\"summary_large_image\" \/>\n<meta name=\"twitter:creator\" content=\"@123emprende\" \/>\n<meta name=\"twitter:site\" content=\"@123emprende\" \/>\n<meta name=\"twitter:label1\" content=\"Escrito por\" \/>\n\t<meta name=\"twitter:data1\" content=\"admin\" \/>\n\t<meta name=\"twitter:label2\" content=\"Tiempo de lectura\" \/>\n\t<meta name=\"twitter:data2\" content=\"2 minutos\" \/>\n<script type=\"application\/ld+json\" class=\"yoast-schema-graph\">{\"@context\":\"https:\/\/schema.org\",\"@graph\":[{\"@type\":\"Article\",\"@id\":\"https:\/\/123emprende.com\/blog\/enrelec\/#article\",\"isPartOf\":{\"@id\":\"https:\/\/123emprende.com\/blog\/enrelec\/\"},\"author\":{\"name\":\"admin\",\"@id\":\"https:\/\/123emprende.com\/blog\/#\/schema\/person\/eb7c03f48f19f00f4bca7680d4ff197c\"},\"headline\":\"ENRELEC\",\"datePublished\":\"2017-12-27T08:50:55+00:00\",\"dateModified\":\"2022-01-25T16:10:59+00:00\",\"mainEntityOfPage\":{\"@id\":\"https:\/\/123emprende.com\/blog\/enrelec\/\"},\"wordCount\":345,\"commentCount\":0,\"publisher\":{\"@id\":\"https:\/\/123emprende.com\/blog\/#organization\"},\"articleSection\":[\"123emprende\"],\"inLanguage\":\"es\",\"potentialAction\":[{\"@type\":\"CommentAction\",\"name\":\"Comment\",\"target\":[\"https:\/\/123emprende.com\/blog\/enrelec\/#respond\"]}]},{\"@type\":\"WebPage\",\"@id\":\"https:\/\/123emprende.com\/blog\/enrelec\/\",\"url\":\"https:\/\/123emprende.com\/blog\/enrelec\/\",\"name\":\"ENRELEC - 123 Emprende\",\"isPartOf\":{\"@id\":\"https:\/\/123emprende.com\/blog\/#website\"},\"datePublished\":\"2017-12-27T08:50:55+00:00\",\"dateModified\":\"2022-01-25T16:10:59+00:00\",\"breadcrumb\":{\"@id\":\"https:\/\/123emprende.com\/blog\/enrelec\/#breadcrumb\"},\"inLanguage\":\"es\",\"potentialAction\":[{\"@type\":\"ReadAction\",\"target\":[\"https:\/\/123emprende.com\/blog\/enrelec\/\"]}]},{\"@type\":\"BreadcrumbList\",\"@id\":\"https:\/\/123emprende.com\/blog\/enrelec\/#breadcrumb\",\"itemListElement\":[{\"@type\":\"ListItem\",\"position\":1,\"name\":\"Home\",\"item\":\"https:\/\/123emprende.com\/blog\/\"},{\"@type\":\"ListItem\",\"position\":2,\"name\":\"ENRELEC\"}]},{\"@type\":\"WebSite\",\"@id\":\"https:\/\/123emprende.com\/blog\/#website\",\"url\":\"https:\/\/123emprende.com\/blog\/\",\"name\":\"1,2,3,emprende\",\"description\":\"Blog\",\"publisher\":{\"@id\":\"https:\/\/123emprende.com\/blog\/#organization\"},\"potentialAction\":[{\"@type\":\"SearchAction\",\"target\":{\"@type\":\"EntryPoint\",\"urlTemplate\":\"https:\/\/123emprende.com\/blog\/?s={search_term_string}\"},\"query-input\":{\"@type\":\"PropertyValueSpecification\",\"valueRequired\":true,\"valueName\":\"search_term_string\"}}],\"inLanguage\":\"es\"},{\"@type\":\"Organization\",\"@id\":\"https:\/\/123emprende.com\/blog\/#organization\",\"name\":\"1,2,3,emprende\",\"url\":\"https:\/\/123emprende.com\/blog\/\",\"logo\":{\"@type\":\"ImageObject\",\"inLanguage\":\"es\",\"@id\":\"https:\/\/123emprende.com\/blog\/#\/schema\/logo\/image\/\",\"url\":\"https:\/\/123emprende.com\/blog\/wp-content\/uploads\/2022\/01\/123emprende.png\",\"contentUrl\":\"https:\/\/123emprende.com\/blog\/wp-content\/uploads\/2022\/01\/123emprende.png\",\"width\":270,\"height\":65,\"caption\":\"1,2,3,emprende\"},\"image\":{\"@id\":\"https:\/\/123emprende.com\/blog\/#\/schema\/logo\/image\/\"},\"sameAs\":[\"https:\/\/www.facebook.com\/123emprende\",\"https:\/\/x.com\/123emprende\",\"https:\/\/www.instagram.com\/123emprende\/\"]},{\"@type\":\"Person\",\"@id\":\"https:\/\/123emprende.com\/blog\/#\/schema\/person\/eb7c03f48f19f00f4bca7680d4ff197c\",\"name\":\"admin\",\"image\":{\"@type\":\"ImageObject\",\"inLanguage\":\"es\",\"@id\":\"https:\/\/123emprende.com\/blog\/#\/schema\/person\/image\/\",\"url\":\"https:\/\/secure.gravatar.com\/avatar\/7a47578bea6e45ab073158f22bee6f0cab330856ff102d04fc883040ca5e0dd1?s=96&d=mm&r=g\",\"contentUrl\":\"https:\/\/secure.gravatar.com\/avatar\/7a47578bea6e45ab073158f22bee6f0cab330856ff102d04fc883040ca5e0dd1?s=96&d=mm&r=g\",\"caption\":\"admin\"},\"sameAs\":[\"https:\/\/123emprende.com\/blog\"],\"url\":\"https:\/\/123emprende.com\/blog\/author\/deni_y6ibheej\/\"}]}<\/script>\n<!-- \/ Yoast SEO plugin. -->","yoast_head_json":{"title":"ENRELEC - 123 Emprende","robots":{"index":"index","follow":"follow","max-snippet":"max-snippet:-1","max-image-preview":"max-image-preview:large","max-video-preview":"max-video-preview:-1"},"canonical":"https:\/\/123emprende.com\/blog\/enrelec\/","og_locale":"es_ES","og_type":"article","og_title":"ENRELEC - 123 Emprende","og_description":"Energ\u00edas Renovables y Electricidad? ? Tom\u00e1s CEO de Enrelec \u00a0 \u00a0 \u00b7\u00a0\u00a0\u00a0\u00a0\u00a0\u00a0\u00a0\u00a0\u00a0Actividad: ? Diversos servicios dentro del sector de la electricidad y las energ\u00edas renovables.? \u00a0 \u00b7\u00a0\u00a0\u00a0\u00a0\u00a0\u00a0\u00a0\u00a0\u00a0Fecha\u00a0prevista\u00a0de\u00a0puesta en marcha: ? inicialmente se ten\u00eda prevista para inicio de agosto de 2015, pero la situaci\u00f3n actual y la evoluci\u00f3n de los proyectos est\u00e1 retrasando el lanzamiento final [&hellip;]","og_url":"https:\/\/123emprende.com\/blog\/enrelec\/","og_site_name":"123 Emprende","article_publisher":"https:\/\/www.facebook.com\/123emprende","article_published_time":"2017-12-27T08:50:55+00:00","article_modified_time":"2022-01-25T16:10:59+00:00","author":"admin","twitter_card":"summary_large_image","twitter_creator":"@123emprende","twitter_site":"@123emprende","twitter_misc":{"Escrito por":"admin","Tiempo de lectura":"2 minutos"},"schema":{"@context":"https:\/\/schema.org","@graph":[{"@type":"Article","@id":"https:\/\/123emprende.com\/blog\/enrelec\/#article","isPartOf":{"@id":"https:\/\/123emprende.com\/blog\/enrelec\/"},"author":{"name":"admin","@id":"https:\/\/123emprende.com\/blog\/#\/schema\/person\/eb7c03f48f19f00f4bca7680d4ff197c"},"headline":"ENRELEC","datePublished":"2017-12-27T08:50:55+00:00","dateModified":"2022-01-25T16:10:59+00:00","mainEntityOfPage":{"@id":"https:\/\/123emprende.com\/blog\/enrelec\/"},"wordCount":345,"commentCount":0,"publisher":{"@id":"https:\/\/123emprende.com\/blog\/#organization"},"articleSection":["123emprende"],"inLanguage":"es","potentialAction":[{"@type":"CommentAction","name":"Comment","target":["https:\/\/123emprende.com\/blog\/enrelec\/#respond"]}]},{"@type":"WebPage","@id":"https:\/\/123emprende.com\/blog\/enrelec\/","url":"https:\/\/123emprende.com\/blog\/enrelec\/","name":"ENRELEC - 123 Emprende","isPartOf":{"@id":"https:\/\/123emprende.com\/blog\/#website"},"datePublished":"2017-12-27T08:50:55+00:00","dateModified":"2022-01-25T16:10:59+00:00","breadcrumb":{"@id":"https:\/\/123emprende.com\/blog\/enrelec\/#breadcrumb"},"inLanguage":"es","potentialAction":[{"@type":"ReadAction","target":["https:\/\/123emprende.com\/blog\/enrelec\/"]}]},{"@type":"BreadcrumbList","@id":"https:\/\/123emprende.com\/blog\/enrelec\/#breadcrumb","itemListElement":[{"@type":"ListItem","position":1,"name":"Home","item":"https:\/\/123emprende.com\/blog\/"},{"@type":"ListItem","position":2,"name":"ENRELEC"}]},{"@type":"WebSite","@id":"https:\/\/123emprende.com\/blog\/#website","url":"https:\/\/123emprende.com\/blog\/","name":"1,2,3,emprende","description":"Blog","publisher":{"@id":"https:\/\/123emprende.com\/blog\/#organization"},"potentialAction":[{"@type":"SearchAction","target":{"@type":"EntryPoint","urlTemplate":"https:\/\/123emprende.com\/blog\/?s={search_term_string}"},"query-input":{"@type":"PropertyValueSpecification","valueRequired":true,"valueName":"search_term_string"}}],"inLanguage":"es"},{"@type":"Organization","@id":"https:\/\/123emprende.com\/blog\/#organization","name":"1,2,3,emprende","url":"https:\/\/123emprende.com\/blog\/","logo":{"@type":"ImageObject","inLanguage":"es","@id":"https:\/\/123emprende.com\/blog\/#\/schema\/logo\/image\/","url":"https:\/\/123emprende.com\/blog\/wp-content\/uploads\/2022\/01\/123emprende.png","contentUrl":"https:\/\/123emprende.com\/blog\/wp-content\/uploads\/2022\/01\/123emprende.png","width":270,"height":65,"caption":"1,2,3,emprende"},"image":{"@id":"https:\/\/123emprende.com\/blog\/#\/schema\/logo\/image\/"},"sameAs":["https:\/\/www.facebook.com\/123emprende","https:\/\/x.com\/123emprende","https:\/\/www.instagram.com\/123emprende\/"]},{"@type":"Person","@id":"https:\/\/123emprende.com\/blog\/#\/schema\/person\/eb7c03f48f19f00f4bca7680d4ff197c","name":"admin","image":{"@type":"ImageObject","inLanguage":"es","@id":"https:\/\/123emprende.com\/blog\/#\/schema\/person\/image\/","url":"https:\/\/secure.gravatar.com\/avatar\/7a47578bea6e45ab073158f22bee6f0cab330856ff102d04fc883040ca5e0dd1?s=96&d=mm&r=g","contentUrl":"https:\/\/secure.gravatar.com\/avatar\/7a47578bea6e45ab073158f22bee6f0cab330856ff102d04fc883040ca5e0dd1?s=96&d=mm&r=g","caption":"admin"},"sameAs":["https:\/\/123emprende.com\/blog"],"url":"https:\/\/123emprende.com\/blog\/author\/deni_y6ibheej\/"}]}},"_links":{"self":[{"href":"https:\/\/123emprende.com\/blog\/wp-json\/wp\/v2\/posts\/6372","targetHints":{"allow":["GET"]}}],"collection":[{"href":"https:\/\/123emprende.com\/blog\/wp-json\/wp\/v2\/posts"}],"about":[{"href":"https:\/\/123emprende.com\/blog\/wp-json\/wp\/v2\/types\/post"}],"author":[{"embeddable":true,"href":"https:\/\/123emprende.com\/blog\/wp-json\/wp\/v2\/users\/1"}],"replies":[{"embeddable":true,"href":"https:\/\/123emprende.com\/blog\/wp-json\/wp\/v2\/comments?post=6372"}],"version-history":[{"count":1,"href":"https:\/\/123emprende.com\/blog\/wp-json\/wp\/v2\/posts\/6372\/revisions"}],"predecessor-version":[{"id":8334,"href":"https:\/\/123emprende.com\/blog\/wp-json\/wp\/v2\/posts\/6372\/revisions\/8334"}],"wp:attachment":[{"href":"https:\/\/123emprende.com\/blog\/wp-json\/wp\/v2\/media?parent=6372"}],"wp:term":[{"taxonomy":"category","embeddable":true,"href":"https:\/\/123emprende.com\/blog\/wp-json\/wp\/v2\/categories?post=6372"},{"taxonomy":"post_tag","embeddable":true,"href":"https:\/\/123emprende.com\/blog\/wp-json\/wp\/v2\/tags?post=6372"}],"curies":[{"name":"wp","href":"https:\/\/api.w.org\/{rel}","templated":true}]}}