{"id":6061,"date":"2018-07-23T22:51:00","date_gmt":"2018-07-23T21:51:00","guid":{"rendered":"https:\/\/123emprende.com\/blog\/index.php\/2022\/01\/03\/abierta-la-convocatoria-de-los-premios-fundacion-princesa-de-girona-fpdgi\/"},"modified":"2022-09-26T09:05:34","modified_gmt":"2022-09-26T08:05:34","slug":"convocados-los-premios-fundacion-princesa-de-girona-fpdgi","status":"publish","type":"post","link":"https:\/\/123emprende.com\/blog\/convocados-los-premios-fundacion-princesa-de-girona-fpdgi\/","title":{"rendered":"Convocados los Premios Fundaci\u00f3n Princesa de Girona (FPdGi)"},"content":{"rendered":"<p style=\"text-align: center;\"><img decoding=\"async\" src=\"https:\/\/www.123emprende.com\/blog\/wp-content\/uploads\/2022\/01\/barra_arriba.png\" alt=\"\" width=\"770\" height=\"40\"><\/p>\n<p style=\"text-align: center;\">La Fundaci\u00f3n Princesa de Girona convoca los &#8220;Premios FPdGi 2019&#8221; para fomentar la iniciativa y el esfuerzo&nbsp;de j\u00f3venes emprendedores e innovadores, de entre 16 y 35 a\u00f1os, que destacan en la investigaci\u00f3n cient\u00edfica, la creatividad art\u00edstica o la solidaridad.<\/p>\n<p style=\"text-align: center;\"><img decoding=\"async\" src=\"https:\/\/www.123emprende.com\/blog\/wp-content\/uploads\/2022\/01\/barra_abajo.png\" alt=\"\" width=\"770\" height=\"40\"><\/p>\n<h2>Requisitos<\/h2>\n<p>Pueden presentar su candidatura los <strong>j\u00f3venes&nbsp;que hayan nacido o residan legalmente en Espa\u00f1a, y que tengan entre 16 y 35 a\u00f1os de edad.&nbsp;<\/strong>En el caso de que los candidatos tengan <strong>hijos a su cargo<\/strong> o hayan solicitado un <strong>permiso oficial de paternidad<\/strong>, se les aplicar\u00e1 una ampliaci\u00f3n del rango de edad de un a\u00f1o por cada hijo.<\/p>\n<h2>Dotaci\u00f3n<\/h2>\n<p>Cada una de las&nbsp;categor\u00edas individuales est\u00e1 premiada con una dotaci\u00f3n de <strong>20.000\u20ac<\/strong>, a excepci\u00f3n del Premio Internacional, que no tiene contraprestaci\u00f3n econ\u00f3mica.<\/p>\n<p><img decoding=\"async\" src=\"https:\/\/www.123emprende.com\/blog\/wp-content\/uploads\/2022\/01\/barra_arriba.png\" alt=\"\" width=\"770\" height=\"40\"><\/p>\n<h3 style=\"text-align: center;\">Los interesados pueden presentar su candidatura hasta el 30 de octubre.<br \/>\nEn el caso del Premio Internacional, hasta el 30 de noviembre.<\/h3>\n<p><img decoding=\"async\" style=\"display: block; margin-left: auto; margin-right: auto;\" src=\"https:\/\/www.123emprende.com\/blog\/wp-content\/uploads\/2022\/01\/fundacion-princesa-de-girona-cabecera.jpg\" alt=\"\" width=\"600\" height=\"180\"><\/p>\n<p><img decoding=\"async\" src=\"https:\/\/www.123emprende.com\/blog\/wp-content\/uploads\/2022\/01\/barra_arriba.png\" alt=\"\" width=\"770\" height=\"40\"><\/p>\n<h2>Categor\u00edas Premios FPdGi<\/h2>\n<p>La Fundaci\u00f3n Princesa de Girona premia la trayectoria de j\u00f3venes que han desarrollado proyectos o negocios, especialmente dif\u00edciles o de riesgo, en las siguientes categor\u00edas: Artes y Letras,&nbsp;Empresa,&nbsp;Investigaci\u00f3n cient\u00edfica y&nbsp;Social.<\/p>\n<ul>\n<li>\n<h3>Premio Social<\/h3>\n<\/li>\n<\/ul>\n<p>Premia a j\u00f3venes que han logrado crear e impulsar <strong>proyectos sociales con visiones nuevas y logros tangibles<\/strong>.<\/p>\n<ul>\n<li>\n<h3>Premio Investigaci\u00f3n Cient\u00edfica<\/h3>\n<\/li>\n<\/ul>\n<p>Reconoce a j\u00f3venes cient\u00edficos con <strong>proyectos o experiencias de investigaci\u00f3n<\/strong> destacadas en su disciplina y con un elevado potencial de desarrollo futuro.<\/p>\n<ul>\n<li>\n<h3>Premio Artes y Letras<\/h3>\n<\/li>\n<\/ul>\n<p>Premia <strong>el talento y la<\/strong> <strong>obra prometedora de j\u00f3venes<\/strong> que puedan servir&nbsp;de ejemplo e inspiraci\u00f3n para otros j\u00f3venes, en cualquier disciplina de las artes y las letras.&nbsp;<\/p>\n<ul>\n<li>\n<h3>Premio Empresa<\/h3>\n<\/li>\n<\/ul>\n<p>Reconoce la iniciaitva emprendedora de j\u00f3venes con <strong>proyectos empresariales originales<\/strong>.<\/p>\n<ul>\n<li>\n<h3>Premio Internacional<\/h3>\n<\/li>\n<\/ul>\n<p>Este premio reconoce la trayectoria profesional y personal de j\u00f3venes que han destacado en <strong>cualquier parte del mundo<\/strong> por su trabajo, sus m\u00e9ritos y su ejemplaridad. A diferencia del resto de categor\u00edas de los Premios FPdGi, <strong>el Premio Internacional se otorga por nominaci\u00f3n y no tiene compensaci\u00f3n econ\u00f3mica<\/strong>.<\/p>\n","protected":false},"excerpt":{"rendered":"<p>La Fundaci\u00f3n Princesa de Girona convoca los &#8220;Premios FPdGi 2019&#8221; para fomentar la iniciativa y el esfuerzo&nbsp;de j\u00f3venes emprendedores e innovadores, de entre 16 y 35 a\u00f1os, que destacan en la investigaci\u00f3n cient\u00edfica, la creatividad art\u00edstica o la solidaridad. Requisitos Pueden presentar su candidatura los j\u00f3venes&nbsp;que hayan nacido o residan legalmente en Espa\u00f1a, y que [&hellip;]<\/p>\n","protected":false},"author":1,"featured_media":10284,"comment_status":"open","ping_status":"closed","sticky":false,"template":"","format":"standard","meta":{"_et_pb_use_builder":"","_et_pb_old_content":"","_et_gb_content_width":"","footnotes":""},"categories":[14,7],"tags":[12],"class_list":["post-6061","post","type-post","status-publish","format-standard","has-post-thumbnail","hentry","category-casos-de-exito","category-ideas-de-negocio","tag-actualidad"],"yoast_head":"<!-- This site is optimized with the Yoast SEO plugin v23.5 - https:\/\/yoast.com\/wordpress\/plugins\/seo\/ -->\n<title>Convocados los Premios Fundaci\u00f3n Princesa de Girona (FPdGi) - 123 Emprende<\/title>\n<meta name=\"robots\" content=\"index, follow, max-snippet:-1, max-image-preview:large, max-video-preview:-1\" \/>\n<link rel=\"canonical\" href=\"https:\/\/123emprende.com\/blog\/convocados-los-premios-fundacion-princesa-de-girona-fpdgi\/\" \/>\n<meta property=\"og:locale\" content=\"es_ES\" \/>\n<meta property=\"og:type\" content=\"article\" \/>\n<meta property=\"og:title\" content=\"Convocados los Premios Fundaci\u00f3n Princesa de Girona (FPdGi) - 123 Emprende\" \/>\n<meta property=\"og:description\" content=\"La Fundaci\u00f3n Princesa de Girona convoca los &#8220;Premios FPdGi 2019&#8221; para fomentar la iniciativa y el esfuerzo&nbsp;de j\u00f3venes emprendedores e innovadores, de entre 16 y 35 a\u00f1os, que destacan en la investigaci\u00f3n cient\u00edfica, la creatividad art\u00edstica o la solidaridad. Requisitos Pueden presentar su candidatura los j\u00f3venes&nbsp;que hayan nacido o residan legalmente en Espa\u00f1a, y que [&hellip;]\" \/>\n<meta property=\"og:url\" content=\"https:\/\/123emprende.com\/blog\/convocados-los-premios-fundacion-princesa-de-girona-fpdgi\/\" \/>\n<meta property=\"og:site_name\" content=\"123 Emprende\" \/>\n<meta property=\"article:publisher\" content=\"https:\/\/www.facebook.com\/123emprende\" \/>\n<meta property=\"article:published_time\" content=\"2018-07-23T21:51:00+00:00\" \/>\n<meta property=\"article:modified_time\" content=\"2022-09-26T08:05:34+00:00\" \/>\n<meta property=\"og:image\" content=\"https:\/\/123emprende.com\/blog\/wp-content\/uploads\/2017\/12\/Abierta_convocatoria_premios_FPdGi.jpg\" \/>\n\t<meta property=\"og:image:width\" content=\"1067\" \/>\n\t<meta property=\"og:image:height\" content=\"600\" \/>\n\t<meta property=\"og:image:type\" content=\"image\/jpeg\" \/>\n<meta name=\"author\" content=\"admin\" \/>\n<meta name=\"twitter:card\" content=\"summary_large_image\" \/>\n<meta name=\"twitter:creator\" content=\"@123emprende\" \/>\n<meta name=\"twitter:site\" content=\"@123emprende\" \/>\n<meta name=\"twitter:label1\" content=\"Escrito por\" \/>\n\t<meta name=\"twitter:data1\" content=\"admin\" \/>\n\t<meta name=\"twitter:label2\" content=\"Tiempo de lectura\" \/>\n\t<meta name=\"twitter:data2\" content=\"2 minutos\" \/>\n<script type=\"application\/ld+json\" class=\"yoast-schema-graph\">{\"@context\":\"https:\/\/schema.org\",\"@graph\":[{\"@type\":\"Article\",\"@id\":\"https:\/\/123emprende.com\/blog\/convocados-los-premios-fundacion-princesa-de-girona-fpdgi\/#article\",\"isPartOf\":{\"@id\":\"https:\/\/123emprende.com\/blog\/convocados-los-premios-fundacion-princesa-de-girona-fpdgi\/\"},\"author\":{\"name\":\"admin\",\"@id\":\"https:\/\/123emprende.com\/blog\/#\/schema\/person\/eb7c03f48f19f00f4bca7680d4ff197c\"},\"headline\":\"Convocados los Premios Fundaci\u00f3n Princesa de Girona (FPdGi)\",\"datePublished\":\"2018-07-23T21:51:00+00:00\",\"dateModified\":\"2022-09-26T08:05:34+00:00\",\"mainEntityOfPage\":{\"@id\":\"https:\/\/123emprende.com\/blog\/convocados-los-premios-fundacion-princesa-de-girona-fpdgi\/\"},\"wordCount\":370,\"commentCount\":0,\"publisher\":{\"@id\":\"https:\/\/123emprende.com\/blog\/#organization\"},\"image\":{\"@id\":\"https:\/\/123emprende.com\/blog\/convocados-los-premios-fundacion-princesa-de-girona-fpdgi\/#primaryimage\"},\"thumbnailUrl\":\"https:\/\/123emprende.com\/blog\/wp-content\/uploads\/2017\/12\/Abierta_convocatoria_premios_FPdGi.jpg\",\"keywords\":[\"Actualidad\"],\"articleSection\":[\"Casos de \u00e9xito\",\"Ideas de negocio\"],\"inLanguage\":\"es\",\"potentialAction\":[{\"@type\":\"CommentAction\",\"name\":\"Comment\",\"target\":[\"https:\/\/123emprende.com\/blog\/convocados-los-premios-fundacion-princesa-de-girona-fpdgi\/#respond\"]}]},{\"@type\":\"WebPage\",\"@id\":\"https:\/\/123emprende.com\/blog\/convocados-los-premios-fundacion-princesa-de-girona-fpdgi\/\",\"url\":\"https:\/\/123emprende.com\/blog\/convocados-los-premios-fundacion-princesa-de-girona-fpdgi\/\",\"name\":\"Convocados los Premios Fundaci\u00f3n Princesa de Girona (FPdGi) - 123 Emprende\",\"isPartOf\":{\"@id\":\"https:\/\/123emprende.com\/blog\/#website\"},\"primaryImageOfPage\":{\"@id\":\"https:\/\/123emprende.com\/blog\/convocados-los-premios-fundacion-princesa-de-girona-fpdgi\/#primaryimage\"},\"image\":{\"@id\":\"https:\/\/123emprende.com\/blog\/convocados-los-premios-fundacion-princesa-de-girona-fpdgi\/#primaryimage\"},\"thumbnailUrl\":\"https:\/\/123emprende.com\/blog\/wp-content\/uploads\/2017\/12\/Abierta_convocatoria_premios_FPdGi.jpg\",\"datePublished\":\"2018-07-23T21:51:00+00:00\",\"dateModified\":\"2022-09-26T08:05:34+00:00\",\"breadcrumb\":{\"@id\":\"https:\/\/123emprende.com\/blog\/convocados-los-premios-fundacion-princesa-de-girona-fpdgi\/#breadcrumb\"},\"inLanguage\":\"es\",\"potentialAction\":[{\"@type\":\"ReadAction\",\"target\":[\"https:\/\/123emprende.com\/blog\/convocados-los-premios-fundacion-princesa-de-girona-fpdgi\/\"]}]},{\"@type\":\"ImageObject\",\"inLanguage\":\"es\",\"@id\":\"https:\/\/123emprende.com\/blog\/convocados-los-premios-fundacion-princesa-de-girona-fpdgi\/#primaryimage\",\"url\":\"https:\/\/123emprende.com\/blog\/wp-content\/uploads\/2017\/12\/Abierta_convocatoria_premios_FPdGi.jpg\",\"contentUrl\":\"https:\/\/123emprende.com\/blog\/wp-content\/uploads\/2017\/12\/Abierta_convocatoria_premios_FPdGi.jpg\",\"width\":1067,\"height\":600},{\"@type\":\"BreadcrumbList\",\"@id\":\"https:\/\/123emprende.com\/blog\/convocados-los-premios-fundacion-princesa-de-girona-fpdgi\/#breadcrumb\",\"itemListElement\":[{\"@type\":\"ListItem\",\"position\":1,\"name\":\"Home\",\"item\":\"https:\/\/123emprende.com\/blog\/\"},{\"@type\":\"ListItem\",\"position\":2,\"name\":\"Convocados los Premios Fundaci\u00f3n Princesa de Girona (FPdGi)\"}]},{\"@type\":\"WebSite\",\"@id\":\"https:\/\/123emprende.com\/blog\/#website\",\"url\":\"https:\/\/123emprende.com\/blog\/\",\"name\":\"1,2,3,emprende\",\"description\":\"Blog\",\"publisher\":{\"@id\":\"https:\/\/123emprende.com\/blog\/#organization\"},\"potentialAction\":[{\"@type\":\"SearchAction\",\"target\":{\"@type\":\"EntryPoint\",\"urlTemplate\":\"https:\/\/123emprende.com\/blog\/?s={search_term_string}\"},\"query-input\":{\"@type\":\"PropertyValueSpecification\",\"valueRequired\":true,\"valueName\":\"search_term_string\"}}],\"inLanguage\":\"es\"},{\"@type\":\"Organization\",\"@id\":\"https:\/\/123emprende.com\/blog\/#organization\",\"name\":\"1,2,3,emprende\",\"url\":\"https:\/\/123emprende.com\/blog\/\",\"logo\":{\"@type\":\"ImageObject\",\"inLanguage\":\"es\",\"@id\":\"https:\/\/123emprende.com\/blog\/#\/schema\/logo\/image\/\",\"url\":\"https:\/\/123emprende.com\/blog\/wp-content\/uploads\/2022\/01\/123emprende.png\",\"contentUrl\":\"https:\/\/123emprende.com\/blog\/wp-content\/uploads\/2022\/01\/123emprende.png\",\"width\":270,\"height\":65,\"caption\":\"1,2,3,emprende\"},\"image\":{\"@id\":\"https:\/\/123emprende.com\/blog\/#\/schema\/logo\/image\/\"},\"sameAs\":[\"https:\/\/www.facebook.com\/123emprende\",\"https:\/\/x.com\/123emprende\",\"https:\/\/www.instagram.com\/123emprende\/\"]},{\"@type\":\"Person\",\"@id\":\"https:\/\/123emprende.com\/blog\/#\/schema\/person\/eb7c03f48f19f00f4bca7680d4ff197c\",\"name\":\"admin\",\"image\":{\"@type\":\"ImageObject\",\"inLanguage\":\"es\",\"@id\":\"https:\/\/123emprende.com\/blog\/#\/schema\/person\/image\/\",\"url\":\"https:\/\/secure.gravatar.com\/avatar\/7a47578bea6e45ab073158f22bee6f0cab330856ff102d04fc883040ca5e0dd1?s=96&d=mm&r=g\",\"contentUrl\":\"https:\/\/secure.gravatar.com\/avatar\/7a47578bea6e45ab073158f22bee6f0cab330856ff102d04fc883040ca5e0dd1?s=96&d=mm&r=g\",\"caption\":\"admin\"},\"sameAs\":[\"https:\/\/123emprende.com\/blog\"],\"url\":\"https:\/\/123emprende.com\/blog\/author\/deni_y6ibheej\/\"}]}<\/script>\n<!-- \/ Yoast SEO plugin. -->","yoast_head_json":{"title":"Convocados los Premios Fundaci\u00f3n Princesa de Girona (FPdGi) - 123 Emprende","robots":{"index":"index","follow":"follow","max-snippet":"max-snippet:-1","max-image-preview":"max-image-preview:large","max-video-preview":"max-video-preview:-1"},"canonical":"https:\/\/123emprende.com\/blog\/convocados-los-premios-fundacion-princesa-de-girona-fpdgi\/","og_locale":"es_ES","og_type":"article","og_title":"Convocados los Premios Fundaci\u00f3n Princesa de Girona (FPdGi) - 123 Emprende","og_description":"La Fundaci\u00f3n Princesa de Girona convoca los &#8220;Premios FPdGi 2019&#8221; para fomentar la iniciativa y el esfuerzo&nbsp;de j\u00f3venes emprendedores e innovadores, de entre 16 y 35 a\u00f1os, que destacan en la investigaci\u00f3n cient\u00edfica, la creatividad art\u00edstica o la solidaridad. Requisitos Pueden presentar su candidatura los j\u00f3venes&nbsp;que hayan nacido o residan legalmente en Espa\u00f1a, y que [&hellip;]","og_url":"https:\/\/123emprende.com\/blog\/convocados-los-premios-fundacion-princesa-de-girona-fpdgi\/","og_site_name":"123 Emprende","article_publisher":"https:\/\/www.facebook.com\/123emprende","article_published_time":"2018-07-23T21:51:00+00:00","article_modified_time":"2022-09-26T08:05:34+00:00","og_image":[{"width":1067,"height":600,"url":"https:\/\/123emprende.com\/blog\/wp-content\/uploads\/2017\/12\/Abierta_convocatoria_premios_FPdGi.jpg","type":"image\/jpeg"}],"author":"admin","twitter_card":"summary_large_image","twitter_creator":"@123emprende","twitter_site":"@123emprende","twitter_misc":{"Escrito por":"admin","Tiempo de lectura":"2 minutos"},"schema":{"@context":"https:\/\/schema.org","@graph":[{"@type":"Article","@id":"https:\/\/123emprende.com\/blog\/convocados-los-premios-fundacion-princesa-de-girona-fpdgi\/#article","isPartOf":{"@id":"https:\/\/123emprende.com\/blog\/convocados-los-premios-fundacion-princesa-de-girona-fpdgi\/"},"author":{"name":"admin","@id":"https:\/\/123emprende.com\/blog\/#\/schema\/person\/eb7c03f48f19f00f4bca7680d4ff197c"},"headline":"Convocados los Premios Fundaci\u00f3n Princesa de Girona (FPdGi)","datePublished":"2018-07-23T21:51:00+00:00","dateModified":"2022-09-26T08:05:34+00:00","mainEntityOfPage":{"@id":"https:\/\/123emprende.com\/blog\/convocados-los-premios-fundacion-princesa-de-girona-fpdgi\/"},"wordCount":370,"commentCount":0,"publisher":{"@id":"https:\/\/123emprende.com\/blog\/#organization"},"image":{"@id":"https:\/\/123emprende.com\/blog\/convocados-los-premios-fundacion-princesa-de-girona-fpdgi\/#primaryimage"},"thumbnailUrl":"https:\/\/123emprende.com\/blog\/wp-content\/uploads\/2017\/12\/Abierta_convocatoria_premios_FPdGi.jpg","keywords":["Actualidad"],"articleSection":["Casos de \u00e9xito","Ideas de negocio"],"inLanguage":"es","potentialAction":[{"@type":"CommentAction","name":"Comment","target":["https:\/\/123emprende.com\/blog\/convocados-los-premios-fundacion-princesa-de-girona-fpdgi\/#respond"]}]},{"@type":"WebPage","@id":"https:\/\/123emprende.com\/blog\/convocados-los-premios-fundacion-princesa-de-girona-fpdgi\/","url":"https:\/\/123emprende.com\/blog\/convocados-los-premios-fundacion-princesa-de-girona-fpdgi\/","name":"Convocados los Premios Fundaci\u00f3n Princesa de Girona (FPdGi) - 123 Emprende","isPartOf":{"@id":"https:\/\/123emprende.com\/blog\/#website"},"primaryImageOfPage":{"@id":"https:\/\/123emprende.com\/blog\/convocados-los-premios-fundacion-princesa-de-girona-fpdgi\/#primaryimage"},"image":{"@id":"https:\/\/123emprende.com\/blog\/convocados-los-premios-fundacion-princesa-de-girona-fpdgi\/#primaryimage"},"thumbnailUrl":"https:\/\/123emprende.com\/blog\/wp-content\/uploads\/2017\/12\/Abierta_convocatoria_premios_FPdGi.jpg","datePublished":"2018-07-23T21:51:00+00:00","dateModified":"2022-09-26T08:05:34+00:00","breadcrumb":{"@id":"https:\/\/123emprende.com\/blog\/convocados-los-premios-fundacion-princesa-de-girona-fpdgi\/#breadcrumb"},"inLanguage":"es","potentialAction":[{"@type":"ReadAction","target":["https:\/\/123emprende.com\/blog\/convocados-los-premios-fundacion-princesa-de-girona-fpdgi\/"]}]},{"@type":"ImageObject","inLanguage":"es","@id":"https:\/\/123emprende.com\/blog\/convocados-los-premios-fundacion-princesa-de-girona-fpdgi\/#primaryimage","url":"https:\/\/123emprende.com\/blog\/wp-content\/uploads\/2017\/12\/Abierta_convocatoria_premios_FPdGi.jpg","contentUrl":"https:\/\/123emprende.com\/blog\/wp-content\/uploads\/2017\/12\/Abierta_convocatoria_premios_FPdGi.jpg","width":1067,"height":600},{"@type":"BreadcrumbList","@id":"https:\/\/123emprende.com\/blog\/convocados-los-premios-fundacion-princesa-de-girona-fpdgi\/#breadcrumb","itemListElement":[{"@type":"ListItem","position":1,"name":"Home","item":"https:\/\/123emprende.com\/blog\/"},{"@type":"ListItem","position":2,"name":"Convocados los Premios Fundaci\u00f3n Princesa de Girona (FPdGi)"}]},{"@type":"WebSite","@id":"https:\/\/123emprende.com\/blog\/#website","url":"https:\/\/123emprende.com\/blog\/","name":"1,2,3,emprende","description":"Blog","publisher":{"@id":"https:\/\/123emprende.com\/blog\/#organization"},"potentialAction":[{"@type":"SearchAction","target":{"@type":"EntryPoint","urlTemplate":"https:\/\/123emprende.com\/blog\/?s={search_term_string}"},"query-input":{"@type":"PropertyValueSpecification","valueRequired":true,"valueName":"search_term_string"}}],"inLanguage":"es"},{"@type":"Organization","@id":"https:\/\/123emprende.com\/blog\/#organization","name":"1,2,3,emprende","url":"https:\/\/123emprende.com\/blog\/","logo":{"@type":"ImageObject","inLanguage":"es","@id":"https:\/\/123emprende.com\/blog\/#\/schema\/logo\/image\/","url":"https:\/\/123emprende.com\/blog\/wp-content\/uploads\/2022\/01\/123emprende.png","contentUrl":"https:\/\/123emprende.com\/blog\/wp-content\/uploads\/2022\/01\/123emprende.png","width":270,"height":65,"caption":"1,2,3,emprende"},"image":{"@id":"https:\/\/123emprende.com\/blog\/#\/schema\/logo\/image\/"},"sameAs":["https:\/\/www.facebook.com\/123emprende","https:\/\/x.com\/123emprende","https:\/\/www.instagram.com\/123emprende\/"]},{"@type":"Person","@id":"https:\/\/123emprende.com\/blog\/#\/schema\/person\/eb7c03f48f19f00f4bca7680d4ff197c","name":"admin","image":{"@type":"ImageObject","inLanguage":"es","@id":"https:\/\/123emprende.com\/blog\/#\/schema\/person\/image\/","url":"https:\/\/secure.gravatar.com\/avatar\/7a47578bea6e45ab073158f22bee6f0cab330856ff102d04fc883040ca5e0dd1?s=96&d=mm&r=g","contentUrl":"https:\/\/secure.gravatar.com\/avatar\/7a47578bea6e45ab073158f22bee6f0cab330856ff102d04fc883040ca5e0dd1?s=96&d=mm&r=g","caption":"admin"},"sameAs":["https:\/\/123emprende.com\/blog"],"url":"https:\/\/123emprende.com\/blog\/author\/deni_y6ibheej\/"}]}},"_links":{"self":[{"href":"https:\/\/123emprende.com\/blog\/wp-json\/wp\/v2\/posts\/6061","targetHints":{"allow":["GET"]}}],"collection":[{"href":"https:\/\/123emprende.com\/blog\/wp-json\/wp\/v2\/posts"}],"about":[{"href":"https:\/\/123emprende.com\/blog\/wp-json\/wp\/v2\/types\/post"}],"author":[{"embeddable":true,"href":"https:\/\/123emprende.com\/blog\/wp-json\/wp\/v2\/users\/1"}],"replies":[{"embeddable":true,"href":"https:\/\/123emprende.com\/blog\/wp-json\/wp\/v2\/comments?post=6061"}],"version-history":[{"count":3,"href":"https:\/\/123emprende.com\/blog\/wp-json\/wp\/v2\/posts\/6061\/revisions"}],"predecessor-version":[{"id":10295,"href":"https:\/\/123emprende.com\/blog\/wp-json\/wp\/v2\/posts\/6061\/revisions\/10295"}],"wp:featuredmedia":[{"embeddable":true,"href":"https:\/\/123emprende.com\/blog\/wp-json\/wp\/v2\/media\/10284"}],"wp:attachment":[{"href":"https:\/\/123emprende.com\/blog\/wp-json\/wp\/v2\/media?parent=6061"}],"wp:term":[{"taxonomy":"category","embeddable":true,"href":"https:\/\/123emprende.com\/blog\/wp-json\/wp\/v2\/categories?post=6061"},{"taxonomy":"post_tag","embeddable":true,"href":"https:\/\/123emprende.com\/blog\/wp-json\/wp\/v2\/tags?post=6061"}],"curies":[{"name":"wp","href":"https:\/\/api.w.org\/{rel}","templated":true}]}}