{"id":6037,"date":"2018-08-31T18:58:00","date_gmt":"2018-08-31T17:58:00","guid":{"rendered":"https:\/\/123emprende.com\/blog\/index.php\/2022\/01\/03\/sube-la-cuota-de-los-autonomos\/"},"modified":"2022-09-26T09:05:34","modified_gmt":"2022-09-26T08:05:34","slug":"sube-la-cuota-de-los-autonomos","status":"publish","type":"post","link":"https:\/\/123emprende.com\/blog\/sube-la-cuota-de-los-autonomos\/","title":{"rendered":"Sube la cuota de los aut\u00f3nomos"},"content":{"rendered":"<p>M\u00e1s de tres millones de trabajadores aut\u00f3nomos se ver\u00e1n afectados por una subida de las cuotas a la Seguridad Social y los que cotizan por la base m\u00ednima pagar\u00e1n cuatro euros m\u00e1s al mes.<\/p>\n<p>La aprobaci\u00f3n de los Presupuestos Generales del Estado ha tra\u00eddo consigo importantes novedades como la <strong>bajada del IVA<\/strong>, la <strong>subida de las pensiones<\/strong> o el <strong>aumento del salario para los funcionarios<\/strong>; pero tambi\u00e9n incluye una mala noticia para los m\u00e1s de tres millones de aut\u00f3nomos de nuestro pa\u00eds, que deber\u00e1n abonar casi cuatro euros m\u00e1s al mes de lo que pagaban hasta ahora. En concreto, una vez publicados los presupuestos en el BOE, <strong>la cuota m\u00ednima ha pasado de 275 a 278,87 euros<\/strong>.&nbsp;<\/p>\n<p><img decoding=\"async\" src=\"https:\/\/www.123emprende.com\/blog\/wp-content\/uploads\/2022\/01\/barra_arriba.png\" alt=\"\" width=\"770\" height=\"40\"><\/p>\n<h2>Cotizaci\u00f3n seg\u00fan ingresos<\/h2>\n<p>El Gobierno ha avanzado que se est\u00e1 estudiando la f\u00f3rmula para que <strong>los aut\u00f3nomos coticen por sus ingresos reales<\/strong>, como ocurre en el caso de los trabajadores por cuenta ajena, que pagan en funci\u00f3n de sus sueldos. As\u00ed lo ha expuesto la ministra de Trabajo, Migraciones y Seguridad Social,&nbsp;Magdalena Valerio, quien ha afirmado que &#8220;<strong>Tres de cada cuatro aut\u00f3nomos est\u00e1n cotizando por debajo de sus ingresos<\/strong>&#8220;, y que &#8220;no es razonable que un aut\u00f3nomo que tenga unos ingresos en un mes de 150 euros tenga que pagar una cuota de 300 euros&#8221;.<\/p>\n<p><img decoding=\"async\" src=\"https:\/\/www.123emprende.com\/blog\/wp-content\/uploads\/2022\/01\/barra_abajo.png\" alt=\"\" width=\"770\" height=\"40\"><\/p>\n<h2>520 millones de ayudas para aut\u00f3nomos<\/h2>\n<p>Por otro lado, la aprobaci\u00f3n de los PGE tambi\u00e9n ha tra\u00eddo una serie de ayudas dirigidas a aut\u00f3nomos, valoradas en unos 520 millones de euros. Estos incentivos, que ya estaban recogidos en la <a href=\"\/actualidad\/nueva-ley-de-trabajo-autonomo-medidas-fiscales\" target=\"_blank\" rel=\"noopener\"><strong>Ley de Aut\u00f3nomos<\/strong><\/a> que se aprob\u00f3 el pasado mes de octubre, se destinar\u00e1n principalmente a mejorar las condiciones del colectivo de trabajadores aut\u00f3nomos con <strong>nuevas deducciones fiscales<\/strong>, <strong>el aumento de la ayuda inicial de la tarifa plana<\/strong>, adem\u00e1s de <strong>bonificaciones para la conciliaci\u00f3n laboral<\/strong>.<\/p>\n<p><img decoding=\"async\" src=\"https:\/\/www.123emprende.com\/blog\/wp-content\/uploads\/2022\/01\/barra_arriba.png\" alt=\"\" width=\"770\" height=\"40\"><\/p>\n<h2>Tarifa plana para nuevos aut\u00f3nomos<\/h2>\n<p>Quienes no tienen que preocuparse son los trabajadores que se est\u00e1n beneficiando de <strong>la tarifa plana de 50 euros para nuevos aut\u00f3nomos<\/strong>. Ese descuento sigue vigente y pagar\u00e1n el mismo importe hasta que cumplan <strong>un a\u00f1o<\/strong>.<\/p>\n<p><strong>Esta tarifa es una medida que se introdujo en 2013 para impulsar el autoempleo<\/strong> y que consiste en el pago de una cuota mensual reducida a la Seguridad Social. En octubre de 2017, la nueva Ley de aut\u00f3nomos ampli\u00f3 el primer tramo de esta, pasando de los seis meses a un a\u00f1o. <strong>En un principio estaba limitada a menores de 30 a\u00f1os<\/strong>, pero debido a la fuerte aceptaci\u00f3n y la presi\u00f3n del colectivo de aut\u00f3nomos, se extendi\u00f3 a todos los nuevos aut\u00f3nomos, sin limitaci\u00f3n por edad.<\/p>\n<p><img decoding=\"async\" src=\"https:\/\/www.123emprende.com\/blog\/wp-content\/uploads\/2022\/01\/barra_abajo.png\" alt=\"\" width=\"770\" height=\"40\"><\/p>\n","protected":false},"excerpt":{"rendered":"<p>M\u00e1s de tres millones de trabajadores aut\u00f3nomos se ver\u00e1n afectados por una subida de las cuotas a la Seguridad Social y los que cotizan por la base m\u00ednima pagar\u00e1n cuatro euros m\u00e1s al mes. La aprobaci\u00f3n de los Presupuestos Generales del Estado ha tra\u00eddo consigo importantes novedades como la bajada del IVA, la subida de [&hellip;]<\/p>\n","protected":false},"author":1,"featured_media":10298,"comment_status":"open","ping_status":"closed","sticky":false,"template":"","format":"standard","meta":{"_et_pb_use_builder":"","_et_pb_old_content":"","_et_gb_content_width":"","footnotes":""},"categories":[14,7],"tags":[12],"class_list":["post-6037","post","type-post","status-publish","format-standard","has-post-thumbnail","hentry","category-casos-de-exito","category-ideas-de-negocio","tag-actualidad"],"yoast_head":"<!-- This site is optimized with the Yoast SEO plugin v23.5 - https:\/\/yoast.com\/wordpress\/plugins\/seo\/ -->\n<title>Sube la cuota de los aut\u00f3nomos - 123 Emprende<\/title>\n<meta name=\"robots\" content=\"index, follow, max-snippet:-1, max-image-preview:large, max-video-preview:-1\" \/>\n<link rel=\"canonical\" href=\"https:\/\/123emprende.com\/blog\/sube-la-cuota-de-los-autonomos\/\" \/>\n<meta property=\"og:locale\" content=\"es_ES\" \/>\n<meta property=\"og:type\" content=\"article\" \/>\n<meta property=\"og:title\" content=\"Sube la cuota de los aut\u00f3nomos - 123 Emprende\" \/>\n<meta property=\"og:description\" content=\"M\u00e1s de tres millones de trabajadores aut\u00f3nomos se ver\u00e1n afectados por una subida de las cuotas a la Seguridad Social y los que cotizan por la base m\u00ednima pagar\u00e1n cuatro euros m\u00e1s al mes. La aprobaci\u00f3n de los Presupuestos Generales del Estado ha tra\u00eddo consigo importantes novedades como la bajada del IVA, la subida de [&hellip;]\" \/>\n<meta property=\"og:url\" content=\"https:\/\/123emprende.com\/blog\/sube-la-cuota-de-los-autonomos\/\" \/>\n<meta property=\"og:site_name\" content=\"123 Emprende\" \/>\n<meta property=\"article:publisher\" content=\"https:\/\/www.facebook.com\/123emprende\" \/>\n<meta property=\"article:published_time\" content=\"2018-08-31T17:58:00+00:00\" \/>\n<meta property=\"article:modified_time\" content=\"2022-09-26T08:05:34+00:00\" \/>\n<meta property=\"og:image\" content=\"https:\/\/123emprende.com\/blog\/wp-content\/uploads\/2019\/08\/Sube_la_cuota_2.jpg\" \/>\n\t<meta property=\"og:image:width\" content=\"1067\" \/>\n\t<meta property=\"og:image:height\" content=\"600\" \/>\n\t<meta property=\"og:image:type\" content=\"image\/jpeg\" \/>\n<meta name=\"author\" content=\"admin\" \/>\n<meta name=\"twitter:card\" content=\"summary_large_image\" \/>\n<meta name=\"twitter:creator\" content=\"@123emprende\" \/>\n<meta name=\"twitter:site\" content=\"@123emprende\" \/>\n<meta name=\"twitter:label1\" content=\"Escrito por\" \/>\n\t<meta name=\"twitter:data1\" content=\"admin\" \/>\n\t<meta name=\"twitter:label2\" content=\"Tiempo de lectura\" \/>\n\t<meta name=\"twitter:data2\" content=\"2 minutos\" \/>\n<script type=\"application\/ld+json\" class=\"yoast-schema-graph\">{\"@context\":\"https:\/\/schema.org\",\"@graph\":[{\"@type\":\"Article\",\"@id\":\"https:\/\/123emprende.com\/blog\/sube-la-cuota-de-los-autonomos\/#article\",\"isPartOf\":{\"@id\":\"https:\/\/123emprende.com\/blog\/sube-la-cuota-de-los-autonomos\/\"},\"author\":{\"name\":\"admin\",\"@id\":\"https:\/\/123emprende.com\/blog\/#\/schema\/person\/eb7c03f48f19f00f4bca7680d4ff197c\"},\"headline\":\"Sube la cuota de los aut\u00f3nomos\",\"datePublished\":\"2018-08-31T17:58:00+00:00\",\"dateModified\":\"2022-09-26T08:05:34+00:00\",\"mainEntityOfPage\":{\"@id\":\"https:\/\/123emprende.com\/blog\/sube-la-cuota-de-los-autonomos\/\"},\"wordCount\":468,\"commentCount\":0,\"publisher\":{\"@id\":\"https:\/\/123emprende.com\/blog\/#organization\"},\"image\":{\"@id\":\"https:\/\/123emprende.com\/blog\/sube-la-cuota-de-los-autonomos\/#primaryimage\"},\"thumbnailUrl\":\"https:\/\/123emprende.com\/blog\/wp-content\/uploads\/2019\/08\/Sube_la_cuota_2.jpg\",\"keywords\":[\"Actualidad\"],\"articleSection\":[\"Casos de \u00e9xito\",\"Ideas de negocio\"],\"inLanguage\":\"es\",\"potentialAction\":[{\"@type\":\"CommentAction\",\"name\":\"Comment\",\"target\":[\"https:\/\/123emprende.com\/blog\/sube-la-cuota-de-los-autonomos\/#respond\"]}]},{\"@type\":\"WebPage\",\"@id\":\"https:\/\/123emprende.com\/blog\/sube-la-cuota-de-los-autonomos\/\",\"url\":\"https:\/\/123emprende.com\/blog\/sube-la-cuota-de-los-autonomos\/\",\"name\":\"Sube la cuota de los aut\u00f3nomos - 123 Emprende\",\"isPartOf\":{\"@id\":\"https:\/\/123emprende.com\/blog\/#website\"},\"primaryImageOfPage\":{\"@id\":\"https:\/\/123emprende.com\/blog\/sube-la-cuota-de-los-autonomos\/#primaryimage\"},\"image\":{\"@id\":\"https:\/\/123emprende.com\/blog\/sube-la-cuota-de-los-autonomos\/#primaryimage\"},\"thumbnailUrl\":\"https:\/\/123emprende.com\/blog\/wp-content\/uploads\/2019\/08\/Sube_la_cuota_2.jpg\",\"datePublished\":\"2018-08-31T17:58:00+00:00\",\"dateModified\":\"2022-09-26T08:05:34+00:00\",\"breadcrumb\":{\"@id\":\"https:\/\/123emprende.com\/blog\/sube-la-cuota-de-los-autonomos\/#breadcrumb\"},\"inLanguage\":\"es\",\"potentialAction\":[{\"@type\":\"ReadAction\",\"target\":[\"https:\/\/123emprende.com\/blog\/sube-la-cuota-de-los-autonomos\/\"]}]},{\"@type\":\"ImageObject\",\"inLanguage\":\"es\",\"@id\":\"https:\/\/123emprende.com\/blog\/sube-la-cuota-de-los-autonomos\/#primaryimage\",\"url\":\"https:\/\/123emprende.com\/blog\/wp-content\/uploads\/2019\/08\/Sube_la_cuota_2.jpg\",\"contentUrl\":\"https:\/\/123emprende.com\/blog\/wp-content\/uploads\/2019\/08\/Sube_la_cuota_2.jpg\",\"width\":1067,\"height\":600},{\"@type\":\"BreadcrumbList\",\"@id\":\"https:\/\/123emprende.com\/blog\/sube-la-cuota-de-los-autonomos\/#breadcrumb\",\"itemListElement\":[{\"@type\":\"ListItem\",\"position\":1,\"name\":\"Home\",\"item\":\"https:\/\/123emprende.com\/blog\/\"},{\"@type\":\"ListItem\",\"position\":2,\"name\":\"Sube la cuota de los aut\u00f3nomos\"}]},{\"@type\":\"WebSite\",\"@id\":\"https:\/\/123emprende.com\/blog\/#website\",\"url\":\"https:\/\/123emprende.com\/blog\/\",\"name\":\"1,2,3,emprende\",\"description\":\"Blog\",\"publisher\":{\"@id\":\"https:\/\/123emprende.com\/blog\/#organization\"},\"potentialAction\":[{\"@type\":\"SearchAction\",\"target\":{\"@type\":\"EntryPoint\",\"urlTemplate\":\"https:\/\/123emprende.com\/blog\/?s={search_term_string}\"},\"query-input\":{\"@type\":\"PropertyValueSpecification\",\"valueRequired\":true,\"valueName\":\"search_term_string\"}}],\"inLanguage\":\"es\"},{\"@type\":\"Organization\",\"@id\":\"https:\/\/123emprende.com\/blog\/#organization\",\"name\":\"1,2,3,emprende\",\"url\":\"https:\/\/123emprende.com\/blog\/\",\"logo\":{\"@type\":\"ImageObject\",\"inLanguage\":\"es\",\"@id\":\"https:\/\/123emprende.com\/blog\/#\/schema\/logo\/image\/\",\"url\":\"https:\/\/123emprende.com\/blog\/wp-content\/uploads\/2022\/01\/123emprende.png\",\"contentUrl\":\"https:\/\/123emprende.com\/blog\/wp-content\/uploads\/2022\/01\/123emprende.png\",\"width\":270,\"height\":65,\"caption\":\"1,2,3,emprende\"},\"image\":{\"@id\":\"https:\/\/123emprende.com\/blog\/#\/schema\/logo\/image\/\"},\"sameAs\":[\"https:\/\/www.facebook.com\/123emprende\",\"https:\/\/x.com\/123emprende\",\"https:\/\/www.instagram.com\/123emprende\/\"]},{\"@type\":\"Person\",\"@id\":\"https:\/\/123emprende.com\/blog\/#\/schema\/person\/eb7c03f48f19f00f4bca7680d4ff197c\",\"name\":\"admin\",\"image\":{\"@type\":\"ImageObject\",\"inLanguage\":\"es\",\"@id\":\"https:\/\/123emprende.com\/blog\/#\/schema\/person\/image\/\",\"url\":\"https:\/\/secure.gravatar.com\/avatar\/7a47578bea6e45ab073158f22bee6f0cab330856ff102d04fc883040ca5e0dd1?s=96&d=mm&r=g\",\"contentUrl\":\"https:\/\/secure.gravatar.com\/avatar\/7a47578bea6e45ab073158f22bee6f0cab330856ff102d04fc883040ca5e0dd1?s=96&d=mm&r=g\",\"caption\":\"admin\"},\"sameAs\":[\"https:\/\/123emprende.com\/blog\"],\"url\":\"https:\/\/123emprende.com\/blog\/author\/deni_y6ibheej\/\"}]}<\/script>\n<!-- \/ Yoast SEO plugin. -->","yoast_head_json":{"title":"Sube la cuota de los aut\u00f3nomos - 123 Emprende","robots":{"index":"index","follow":"follow","max-snippet":"max-snippet:-1","max-image-preview":"max-image-preview:large","max-video-preview":"max-video-preview:-1"},"canonical":"https:\/\/123emprende.com\/blog\/sube-la-cuota-de-los-autonomos\/","og_locale":"es_ES","og_type":"article","og_title":"Sube la cuota de los aut\u00f3nomos - 123 Emprende","og_description":"M\u00e1s de tres millones de trabajadores aut\u00f3nomos se ver\u00e1n afectados por una subida de las cuotas a la Seguridad Social y los que cotizan por la base m\u00ednima pagar\u00e1n cuatro euros m\u00e1s al mes. La aprobaci\u00f3n de los Presupuestos Generales del Estado ha tra\u00eddo consigo importantes novedades como la bajada del IVA, la subida de [&hellip;]","og_url":"https:\/\/123emprende.com\/blog\/sube-la-cuota-de-los-autonomos\/","og_site_name":"123 Emprende","article_publisher":"https:\/\/www.facebook.com\/123emprende","article_published_time":"2018-08-31T17:58:00+00:00","article_modified_time":"2022-09-26T08:05:34+00:00","og_image":[{"width":1067,"height":600,"url":"https:\/\/123emprende.com\/blog\/wp-content\/uploads\/2019\/08\/Sube_la_cuota_2.jpg","type":"image\/jpeg"}],"author":"admin","twitter_card":"summary_large_image","twitter_creator":"@123emprende","twitter_site":"@123emprende","twitter_misc":{"Escrito por":"admin","Tiempo de lectura":"2 minutos"},"schema":{"@context":"https:\/\/schema.org","@graph":[{"@type":"Article","@id":"https:\/\/123emprende.com\/blog\/sube-la-cuota-de-los-autonomos\/#article","isPartOf":{"@id":"https:\/\/123emprende.com\/blog\/sube-la-cuota-de-los-autonomos\/"},"author":{"name":"admin","@id":"https:\/\/123emprende.com\/blog\/#\/schema\/person\/eb7c03f48f19f00f4bca7680d4ff197c"},"headline":"Sube la cuota de los aut\u00f3nomos","datePublished":"2018-08-31T17:58:00+00:00","dateModified":"2022-09-26T08:05:34+00:00","mainEntityOfPage":{"@id":"https:\/\/123emprende.com\/blog\/sube-la-cuota-de-los-autonomos\/"},"wordCount":468,"commentCount":0,"publisher":{"@id":"https:\/\/123emprende.com\/blog\/#organization"},"image":{"@id":"https:\/\/123emprende.com\/blog\/sube-la-cuota-de-los-autonomos\/#primaryimage"},"thumbnailUrl":"https:\/\/123emprende.com\/blog\/wp-content\/uploads\/2019\/08\/Sube_la_cuota_2.jpg","keywords":["Actualidad"],"articleSection":["Casos de \u00e9xito","Ideas de negocio"],"inLanguage":"es","potentialAction":[{"@type":"CommentAction","name":"Comment","target":["https:\/\/123emprende.com\/blog\/sube-la-cuota-de-los-autonomos\/#respond"]}]},{"@type":"WebPage","@id":"https:\/\/123emprende.com\/blog\/sube-la-cuota-de-los-autonomos\/","url":"https:\/\/123emprende.com\/blog\/sube-la-cuota-de-los-autonomos\/","name":"Sube la cuota de los aut\u00f3nomos - 123 Emprende","isPartOf":{"@id":"https:\/\/123emprende.com\/blog\/#website"},"primaryImageOfPage":{"@id":"https:\/\/123emprende.com\/blog\/sube-la-cuota-de-los-autonomos\/#primaryimage"},"image":{"@id":"https:\/\/123emprende.com\/blog\/sube-la-cuota-de-los-autonomos\/#primaryimage"},"thumbnailUrl":"https:\/\/123emprende.com\/blog\/wp-content\/uploads\/2019\/08\/Sube_la_cuota_2.jpg","datePublished":"2018-08-31T17:58:00+00:00","dateModified":"2022-09-26T08:05:34+00:00","breadcrumb":{"@id":"https:\/\/123emprende.com\/blog\/sube-la-cuota-de-los-autonomos\/#breadcrumb"},"inLanguage":"es","potentialAction":[{"@type":"ReadAction","target":["https:\/\/123emprende.com\/blog\/sube-la-cuota-de-los-autonomos\/"]}]},{"@type":"ImageObject","inLanguage":"es","@id":"https:\/\/123emprende.com\/blog\/sube-la-cuota-de-los-autonomos\/#primaryimage","url":"https:\/\/123emprende.com\/blog\/wp-content\/uploads\/2019\/08\/Sube_la_cuota_2.jpg","contentUrl":"https:\/\/123emprende.com\/blog\/wp-content\/uploads\/2019\/08\/Sube_la_cuota_2.jpg","width":1067,"height":600},{"@type":"BreadcrumbList","@id":"https:\/\/123emprende.com\/blog\/sube-la-cuota-de-los-autonomos\/#breadcrumb","itemListElement":[{"@type":"ListItem","position":1,"name":"Home","item":"https:\/\/123emprende.com\/blog\/"},{"@type":"ListItem","position":2,"name":"Sube la cuota de los aut\u00f3nomos"}]},{"@type":"WebSite","@id":"https:\/\/123emprende.com\/blog\/#website","url":"https:\/\/123emprende.com\/blog\/","name":"1,2,3,emprende","description":"Blog","publisher":{"@id":"https:\/\/123emprende.com\/blog\/#organization"},"potentialAction":[{"@type":"SearchAction","target":{"@type":"EntryPoint","urlTemplate":"https:\/\/123emprende.com\/blog\/?s={search_term_string}"},"query-input":{"@type":"PropertyValueSpecification","valueRequired":true,"valueName":"search_term_string"}}],"inLanguage":"es"},{"@type":"Organization","@id":"https:\/\/123emprende.com\/blog\/#organization","name":"1,2,3,emprende","url":"https:\/\/123emprende.com\/blog\/","logo":{"@type":"ImageObject","inLanguage":"es","@id":"https:\/\/123emprende.com\/blog\/#\/schema\/logo\/image\/","url":"https:\/\/123emprende.com\/blog\/wp-content\/uploads\/2022\/01\/123emprende.png","contentUrl":"https:\/\/123emprende.com\/blog\/wp-content\/uploads\/2022\/01\/123emprende.png","width":270,"height":65,"caption":"1,2,3,emprende"},"image":{"@id":"https:\/\/123emprende.com\/blog\/#\/schema\/logo\/image\/"},"sameAs":["https:\/\/www.facebook.com\/123emprende","https:\/\/x.com\/123emprende","https:\/\/www.instagram.com\/123emprende\/"]},{"@type":"Person","@id":"https:\/\/123emprende.com\/blog\/#\/schema\/person\/eb7c03f48f19f00f4bca7680d4ff197c","name":"admin","image":{"@type":"ImageObject","inLanguage":"es","@id":"https:\/\/123emprende.com\/blog\/#\/schema\/person\/image\/","url":"https:\/\/secure.gravatar.com\/avatar\/7a47578bea6e45ab073158f22bee6f0cab330856ff102d04fc883040ca5e0dd1?s=96&d=mm&r=g","contentUrl":"https:\/\/secure.gravatar.com\/avatar\/7a47578bea6e45ab073158f22bee6f0cab330856ff102d04fc883040ca5e0dd1?s=96&d=mm&r=g","caption":"admin"},"sameAs":["https:\/\/123emprende.com\/blog"],"url":"https:\/\/123emprende.com\/blog\/author\/deni_y6ibheej\/"}]}},"_links":{"self":[{"href":"https:\/\/123emprende.com\/blog\/wp-json\/wp\/v2\/posts\/6037","targetHints":{"allow":["GET"]}}],"collection":[{"href":"https:\/\/123emprende.com\/blog\/wp-json\/wp\/v2\/posts"}],"about":[{"href":"https:\/\/123emprende.com\/blog\/wp-json\/wp\/v2\/types\/post"}],"author":[{"embeddable":true,"href":"https:\/\/123emprende.com\/blog\/wp-json\/wp\/v2\/users\/1"}],"replies":[{"embeddable":true,"href":"https:\/\/123emprende.com\/blog\/wp-json\/wp\/v2\/comments?post=6037"}],"version-history":[{"count":3,"href":"https:\/\/123emprende.com\/blog\/wp-json\/wp\/v2\/posts\/6037\/revisions"}],"predecessor-version":[{"id":10305,"href":"https:\/\/123emprende.com\/blog\/wp-json\/wp\/v2\/posts\/6037\/revisions\/10305"}],"wp:featuredmedia":[{"embeddable":true,"href":"https:\/\/123emprende.com\/blog\/wp-json\/wp\/v2\/media\/10298"}],"wp:attachment":[{"href":"https:\/\/123emprende.com\/blog\/wp-json\/wp\/v2\/media?parent=6037"}],"wp:term":[{"taxonomy":"category","embeddable":true,"href":"https:\/\/123emprende.com\/blog\/wp-json\/wp\/v2\/categories?post=6037"},{"taxonomy":"post_tag","embeddable":true,"href":"https:\/\/123emprende.com\/blog\/wp-json\/wp\/v2\/tags?post=6037"}],"curies":[{"name":"wp","href":"https:\/\/api.w.org\/{rel}","templated":true}]}}