{"id":5914,"date":"2020-04-15T02:33:00","date_gmt":"2020-04-15T01:33:00","guid":{"rendered":"https:\/\/123emprende.com\/blog\/index.php\/2022\/01\/03\/teletrabajo-y-conciliacion-familiar\/"},"modified":"2022-01-10T16:58:45","modified_gmt":"2022-01-10T15:58:45","slug":"es-posible-el-teletrabajo-y-la-conciliacion-familiar","status":"publish","type":"post","link":"https:\/\/123emprende.com\/blog\/es-posible-el-teletrabajo-y-la-conciliacion-familiar\/","title":{"rendered":"\u00bfEs posible el teletrabajo y la conciliaci\u00f3n familiar?"},"content":{"rendered":"<p style=\"text-align: center;\"><img decoding=\"async\" src=\"https:\/\/www.123emprende.com\/blog\/wp-content\/uploads\/2022\/01\/barra_arriba.png\" alt=\"\" width=\"770\" height=\"40\"><\/p>\n<h3 style=\"text-align: center;\">\u00bfCu\u00e1les son los beneficios que la implantaci\u00f3n de pol\u00edticas de conciliaci\u00f3n y teletrabajo genera tanto a nivel individual como en las propias empresas?<\/h3>\n<p style=\"text-align: center;\"><img decoding=\"async\" src=\"https:\/\/www.123emprende.com\/blog\/wp-content\/uploads\/2022\/01\/barra_abajo.png\" alt=\"\" width=\"770\" height=\"40\"><\/p>\n<p><img decoding=\"async\" src=\"https:\/\/www.123emprende.com\/blog\/wp-content\/uploads\/2022\/01\/cabecera_blog_conciliacion.jpg\" alt=\"\" width=\"769\" height=\"220\"><\/p>\n<p>Por la ma\u00f1ana dejo a mis hijos en la escuela y regreso a toda prisa porque a las <strong>9:15<\/strong> tengo una reuni\u00f3n por Skype con el equipo del proyecto m\u00e1s importante que ahora lidero.<\/p>\n<p>Uno de los miembros del equipo est\u00e1 en Suecia y los otros dos en Barcelona. Despu\u00e9s de la reuni\u00f3n va a venir el fontanero y mientras hace la reparaci\u00f3n de un grifo yo voy a redactar un informe para enviarlo al jefe de proyectos quien va a asistir a una reuni\u00f3n y necesita que le aporte los datos.<\/p>\n<p>Para las<strong> 11:00<\/strong> tengo previsto haber terminado el informe y posteriormente realizar una call conference con uno de mis mejores clientes para hacerle una propuesta que no podr\u00e1 resistirse. Hacia las <strong>11:30<\/strong> ir\u00e9 al colegio de mi hijo peque\u00f1o para asistir a una tutor\u00eda y recoger sus notas de final de curso, posteriormente pasar\u00e9 al supermercado a comprar unas cuantas cosas que me hacen falta para la comida.<\/p>\n<p>A las <strong>12:30<\/strong> he de volver a casa para realizar un Skype con mi asistente para pedirle que me ayude a gestionar mis viajes de la pr\u00f3xima semana. A la <strong>1 de la tarde<\/strong> me pondr\u00e9 a hacer la comida para tenerla lista y luego poder ir recoger a mis hijos a la escuela. Por la tarde mientras ellos hacen sus deberes y asisten a sus actividades extraescolares voy a ponerme m\u00fasica para concentrarme pues he de preparar el contenido de los cursos que voy a impartir la semana que viene y hacer una lectura r\u00e1pida a un par de art\u00edculos que me refresquen ciertos conceptos.<\/p>\n<p>A las <strong>7 de la tarde<\/strong> recojo a mis hijos de su clase de nataci\u00f3n y volvemos a casa para poner una lavadora, preparar la cena y organizar todo lo necesario para el d\u00eda siguiente.<\/p>\n<p><strong>Esta es una cr\u00f3nica real de una mujer que trabaja en una empresa en donde el teletrabajo como v\u00eda para la conciliaci\u00f3n familiar forma parte del programa de retenci\u00f3n del talento.<\/strong> Dos veces a la semana acuden a la oficina para asistir a reuniones presenciales y el resto del tiempo tele trabajan con objetivos claros y definidos.<\/p>\n<p><img decoding=\"async\" src=\"https:\/\/www.123emprende.com\/blog\/wp-content\/uploads\/2022\/01\/barra_arriba.png\" alt=\"\" width=\"770\" height=\"40\"><\/p>\n<h3 style=\"text-align: center;\">Todo esto nos sorprende porque nos encontramos frente a una falsa cultura del presentismo y de la rigidez de horarios en las empresas olvidando<strong> lo que de verdad importa, los resultados<\/strong>.<\/h3>\n<p><img decoding=\"async\" src=\"https:\/\/www.123emprende.com\/blog\/wp-content\/uploads\/2022\/01\/barra_abajo.png\" alt=\"\" width=\"770\" height=\"40\"><\/p>\n<p>Si nos ponemos a analizar, son innumerables los<strong> beneficios<\/strong> que la implantaci\u00f3n de pol\u00edticas de conciliaci\u00f3n y teletrabajo genera tanto a nivel individual como en las propias empresas:<\/p>\n<p>Se da un incremento de la satisfacci\u00f3n y la motivaci\u00f3n personal y por tanto <strong>mejora la calidad de vida de los empleados<\/strong>. Lo anterior hace que haya un incremento en la productividad de la empresa ya que aumenta el rendimiento. Al tener un horario flexible y mayor autonom\u00eda, se evitan los desplazamientos y por tanto, <strong>los trabajadores tienen mayor libertad para gestionar sus temas personales<\/strong>, evidentemente <strong>disminuye el ratio de absentismo laboral<\/strong>.<\/p>\n<p>Mejora la imagen, reputaci\u00f3n y prestigio de la empresa, lo cual hace que aumente su atractivo para futuros trabajadores y clientes, en conclusi\u00f3n, <strong>se mejora la competitividad de la empresa<\/strong>.<\/p>\n<p><img decoding=\"async\" src=\"https:\/\/www.123emprende.com\/blog\/wp-content\/uploads\/2022\/01\/barra_arriba.png\" alt=\"\" width=\"770\" height=\"40\"><\/p>\n<h3 style=\"text-align: center;\"><strong>El teletrabajo genera la reducci\u00f3n de los costes fijos de la empresa<\/strong>, como por ejemplo el alquiler y mantenimiento de oficinas, el ahorro energ\u00e9tico, entre otras.<\/h3>\n<p><img decoding=\"async\" src=\"https:\/\/www.123emprende.com\/blog\/wp-content\/uploads\/2022\/01\/barra_abajo.png\" alt=\"\" width=\"770\" height=\"40\"><\/p>\n<p>El planteamiento de teletrabajo y la conciliaci\u00f3n familiar no han de implantarse a la ligera. Es necesario hacer un esfuerzo por hacer un cambio de mentalidad, que incluya reemplazar los viejos patrones jer\u00e1rquicos para probar nuevos formatos de liderazgo, analizar el nivel de confianza que se tiene hacia los trabajadores, modificar el formato de comunicaci\u00f3n, <strong>tener claros los objetivos de la organizaci\u00f3n y sus departamentos para poder definir una estrategia de teletrabajo que sea funcional y efectiva al mismo tiempo<\/strong>.<\/p>\n<p><img decoding=\"async\" src=\"https:\/\/www.123emprende.com\/blog\/wp-content\/uploads\/2022\/01\/22-Teletrabajo-y-conciliacion-familiar-reto-imposible.jpg\" alt=\"\" width=\"768\" height=\"475\"><\/p>\n<p>No debemos olvidar que se requiere de un <strong>esfuerzo organizativo<\/strong> por parte de la empresa, para ello ser\u00eda necesario llevar a cabo una fase piloto con una peque\u00f1a cantidad de trabajadores o un equipo de alto rendimiento para testar y revisar las \u00e1reas de oportunidad en el funcionamiento e infraestructura que se requiere para arrancarlo de forma eficaz y extenderlo a toda la empresa.&nbsp;Como hemos podido apreciar, son innumerables las ventajas que nos ofrece el teletrabajo, ciertamente una propuesta muy valiosa para la conciliaci\u00f3n familiar.<\/p>\n<p><img decoding=\"async\" src=\"https:\/\/www.123emprende.com\/blog\/wp-content\/uploads\/2022\/01\/barra_arriba.png\" alt=\"\" width=\"770\" height=\"40\"><\/p>\n<h3 style=\"text-align: center;\"><strong>Quien se atreve a confiar y \u201csoltar\u201d el exceso de control con orden y cabeza, se puede sorprender de los resultados.<\/strong><\/h3>\n<p><img decoding=\"async\" src=\"https:\/\/www.123emprende.com\/blog\/wp-content\/uploads\/2022\/01\/barra_abajo.png\" alt=\"\" width=\"770\" height=\"40\"><\/p>\n<p><strong>Autora: Alejandra McKelligan, experta en&nbsp;Formaci\u00f3n y Gesti\u00f3n de talento.<\/strong><\/p>\n<p><a href=\"pregunta-al-experto\/alejandra-mckelligan\" target=\"_blank\" rel=\"noopener\"><strong><img decoding=\"async\" src=\"https:\/\/www.123emprende.com\/blog\/wp-content\/uploads\/2022\/01\/alejandra-mckelligan-cabecera_1.png\" alt=\"\" width=\"769\" height=\"162\"><\/strong><\/a><\/p>\n","protected":false},"excerpt":{"rendered":"<p>\u00bfCu\u00e1les son los beneficios que la implantaci\u00f3n de pol\u00edticas de conciliaci\u00f3n y teletrabajo genera tanto a nivel individual como en las propias empresas? Por la ma\u00f1ana dejo a mis hijos en la escuela y regreso a toda prisa porque a las 9:15 tengo una reuni\u00f3n por Skype con el equipo del proyecto m\u00e1s importante que [&hellip;]<\/p>\n","protected":false},"author":1,"featured_media":9426,"comment_status":"closed","ping_status":"closed","sticky":false,"template":"","format":"standard","meta":{"_et_pb_use_builder":"","_et_pb_old_content":"","_et_gb_content_width":"","footnotes":""},"categories":[1],"tags":[12],"class_list":["post-5914","post","type-post","status-publish","format-standard","has-post-thumbnail","hentry","category-123emprende","tag-actualidad"],"yoast_head":"<!-- This site is optimized with the Yoast SEO plugin v23.5 - https:\/\/yoast.com\/wordpress\/plugins\/seo\/ -->\n<title>\u00bfEs posible el teletrabajo y la conciliaci\u00f3n familiar? - 123 Emprende<\/title>\n<meta name=\"robots\" content=\"index, follow, max-snippet:-1, max-image-preview:large, max-video-preview:-1\" \/>\n<link rel=\"canonical\" href=\"https:\/\/123emprende.com\/blog\/es-posible-el-teletrabajo-y-la-conciliacion-familiar\/\" \/>\n<meta property=\"og:locale\" content=\"es_ES\" \/>\n<meta property=\"og:type\" content=\"article\" \/>\n<meta property=\"og:title\" content=\"\u00bfEs posible el teletrabajo y la conciliaci\u00f3n familiar? - 123 Emprende\" \/>\n<meta property=\"og:description\" content=\"\u00bfCu\u00e1les son los beneficios que la implantaci\u00f3n de pol\u00edticas de conciliaci\u00f3n y teletrabajo genera tanto a nivel individual como en las propias empresas? Por la ma\u00f1ana dejo a mis hijos en la escuela y regreso a toda prisa porque a las 9:15 tengo una reuni\u00f3n por Skype con el equipo del proyecto m\u00e1s importante que [&hellip;]\" \/>\n<meta property=\"og:url\" content=\"https:\/\/123emprende.com\/blog\/es-posible-el-teletrabajo-y-la-conciliacion-familiar\/\" \/>\n<meta property=\"og:site_name\" content=\"123 Emprende\" \/>\n<meta property=\"article:publisher\" content=\"https:\/\/www.facebook.com\/123emprende\" \/>\n<meta property=\"article:published_time\" content=\"2020-04-15T01:33:00+00:00\" \/>\n<meta property=\"article:modified_time\" content=\"2022-01-10T15:58:45+00:00\" \/>\n<meta property=\"og:image\" content=\"https:\/\/123emprende.com\/blog\/wp-content\/uploads\/2022\/01\/teletrabajo_1.jpg\" \/>\n\t<meta property=\"og:image:width\" content=\"1067\" \/>\n\t<meta property=\"og:image:height\" content=\"600\" \/>\n\t<meta property=\"og:image:type\" content=\"image\/jpeg\" \/>\n<meta name=\"author\" content=\"admin\" \/>\n<meta name=\"twitter:card\" content=\"summary_large_image\" \/>\n<meta name=\"twitter:creator\" content=\"@123emprende\" \/>\n<meta name=\"twitter:site\" content=\"@123emprende\" \/>\n<meta name=\"twitter:label1\" content=\"Escrito por\" \/>\n\t<meta name=\"twitter:data1\" content=\"admin\" \/>\n\t<meta name=\"twitter:label2\" content=\"Tiempo de lectura\" \/>\n\t<meta name=\"twitter:data2\" content=\"4 minutos\" \/>\n<script type=\"application\/ld+json\" class=\"yoast-schema-graph\">{\"@context\":\"https:\/\/schema.org\",\"@graph\":[{\"@type\":\"Article\",\"@id\":\"https:\/\/123emprende.com\/blog\/es-posible-el-teletrabajo-y-la-conciliacion-familiar\/#article\",\"isPartOf\":{\"@id\":\"https:\/\/123emprende.com\/blog\/es-posible-el-teletrabajo-y-la-conciliacion-familiar\/\"},\"author\":{\"name\":\"admin\",\"@id\":\"https:\/\/123emprende.com\/blog\/#\/schema\/person\/eb7c03f48f19f00f4bca7680d4ff197c\"},\"headline\":\"\u00bfEs posible el teletrabajo y la conciliaci\u00f3n familiar?\",\"datePublished\":\"2020-04-15T01:33:00+00:00\",\"dateModified\":\"2022-01-10T15:58:45+00:00\",\"mainEntityOfPage\":{\"@id\":\"https:\/\/123emprende.com\/blog\/es-posible-el-teletrabajo-y-la-conciliacion-familiar\/\"},\"wordCount\":812,\"publisher\":{\"@id\":\"https:\/\/123emprende.com\/blog\/#organization\"},\"image\":{\"@id\":\"https:\/\/123emprende.com\/blog\/es-posible-el-teletrabajo-y-la-conciliacion-familiar\/#primaryimage\"},\"thumbnailUrl\":\"https:\/\/123emprende.com\/blog\/wp-content\/uploads\/2022\/01\/teletrabajo_1.jpg\",\"keywords\":[\"Actualidad\"],\"articleSection\":[\"123emprende\"],\"inLanguage\":\"es\"},{\"@type\":\"WebPage\",\"@id\":\"https:\/\/123emprende.com\/blog\/es-posible-el-teletrabajo-y-la-conciliacion-familiar\/\",\"url\":\"https:\/\/123emprende.com\/blog\/es-posible-el-teletrabajo-y-la-conciliacion-familiar\/\",\"name\":\"\u00bfEs posible el teletrabajo y la conciliaci\u00f3n familiar? - 123 Emprende\",\"isPartOf\":{\"@id\":\"https:\/\/123emprende.com\/blog\/#website\"},\"primaryImageOfPage\":{\"@id\":\"https:\/\/123emprende.com\/blog\/es-posible-el-teletrabajo-y-la-conciliacion-familiar\/#primaryimage\"},\"image\":{\"@id\":\"https:\/\/123emprende.com\/blog\/es-posible-el-teletrabajo-y-la-conciliacion-familiar\/#primaryimage\"},\"thumbnailUrl\":\"https:\/\/123emprende.com\/blog\/wp-content\/uploads\/2022\/01\/teletrabajo_1.jpg\",\"datePublished\":\"2020-04-15T01:33:00+00:00\",\"dateModified\":\"2022-01-10T15:58:45+00:00\",\"breadcrumb\":{\"@id\":\"https:\/\/123emprende.com\/blog\/es-posible-el-teletrabajo-y-la-conciliacion-familiar\/#breadcrumb\"},\"inLanguage\":\"es\",\"potentialAction\":[{\"@type\":\"ReadAction\",\"target\":[\"https:\/\/123emprende.com\/blog\/es-posible-el-teletrabajo-y-la-conciliacion-familiar\/\"]}]},{\"@type\":\"ImageObject\",\"inLanguage\":\"es\",\"@id\":\"https:\/\/123emprende.com\/blog\/es-posible-el-teletrabajo-y-la-conciliacion-familiar\/#primaryimage\",\"url\":\"https:\/\/123emprende.com\/blog\/wp-content\/uploads\/2022\/01\/teletrabajo_1.jpg\",\"contentUrl\":\"https:\/\/123emprende.com\/blog\/wp-content\/uploads\/2022\/01\/teletrabajo_1.jpg\",\"width\":1067,\"height\":600},{\"@type\":\"BreadcrumbList\",\"@id\":\"https:\/\/123emprende.com\/blog\/es-posible-el-teletrabajo-y-la-conciliacion-familiar\/#breadcrumb\",\"itemListElement\":[{\"@type\":\"ListItem\",\"position\":1,\"name\":\"Home\",\"item\":\"https:\/\/123emprende.com\/blog\/\"},{\"@type\":\"ListItem\",\"position\":2,\"name\":\"\u00bfEs posible el teletrabajo y la conciliaci\u00f3n familiar?\"}]},{\"@type\":\"WebSite\",\"@id\":\"https:\/\/123emprende.com\/blog\/#website\",\"url\":\"https:\/\/123emprende.com\/blog\/\",\"name\":\"1,2,3,emprende\",\"description\":\"Blog\",\"publisher\":{\"@id\":\"https:\/\/123emprende.com\/blog\/#organization\"},\"potentialAction\":[{\"@type\":\"SearchAction\",\"target\":{\"@type\":\"EntryPoint\",\"urlTemplate\":\"https:\/\/123emprende.com\/blog\/?s={search_term_string}\"},\"query-input\":{\"@type\":\"PropertyValueSpecification\",\"valueRequired\":true,\"valueName\":\"search_term_string\"}}],\"inLanguage\":\"es\"},{\"@type\":\"Organization\",\"@id\":\"https:\/\/123emprende.com\/blog\/#organization\",\"name\":\"1,2,3,emprende\",\"url\":\"https:\/\/123emprende.com\/blog\/\",\"logo\":{\"@type\":\"ImageObject\",\"inLanguage\":\"es\",\"@id\":\"https:\/\/123emprende.com\/blog\/#\/schema\/logo\/image\/\",\"url\":\"https:\/\/123emprende.com\/blog\/wp-content\/uploads\/2022\/01\/123emprende.png\",\"contentUrl\":\"https:\/\/123emprende.com\/blog\/wp-content\/uploads\/2022\/01\/123emprende.png\",\"width\":270,\"height\":65,\"caption\":\"1,2,3,emprende\"},\"image\":{\"@id\":\"https:\/\/123emprende.com\/blog\/#\/schema\/logo\/image\/\"},\"sameAs\":[\"https:\/\/www.facebook.com\/123emprende\",\"https:\/\/x.com\/123emprende\",\"https:\/\/www.instagram.com\/123emprende\/\"]},{\"@type\":\"Person\",\"@id\":\"https:\/\/123emprende.com\/blog\/#\/schema\/person\/eb7c03f48f19f00f4bca7680d4ff197c\",\"name\":\"admin\",\"image\":{\"@type\":\"ImageObject\",\"inLanguage\":\"es\",\"@id\":\"https:\/\/123emprende.com\/blog\/#\/schema\/person\/image\/\",\"url\":\"https:\/\/secure.gravatar.com\/avatar\/7a47578bea6e45ab073158f22bee6f0cab330856ff102d04fc883040ca5e0dd1?s=96&d=mm&r=g\",\"contentUrl\":\"https:\/\/secure.gravatar.com\/avatar\/7a47578bea6e45ab073158f22bee6f0cab330856ff102d04fc883040ca5e0dd1?s=96&d=mm&r=g\",\"caption\":\"admin\"},\"sameAs\":[\"https:\/\/123emprende.com\/blog\"],\"url\":\"https:\/\/123emprende.com\/blog\/author\/deni_y6ibheej\/\"}]}<\/script>\n<!-- \/ Yoast SEO plugin. -->","yoast_head_json":{"title":"\u00bfEs posible el teletrabajo y la conciliaci\u00f3n familiar? - 123 Emprende","robots":{"index":"index","follow":"follow","max-snippet":"max-snippet:-1","max-image-preview":"max-image-preview:large","max-video-preview":"max-video-preview:-1"},"canonical":"https:\/\/123emprende.com\/blog\/es-posible-el-teletrabajo-y-la-conciliacion-familiar\/","og_locale":"es_ES","og_type":"article","og_title":"\u00bfEs posible el teletrabajo y la conciliaci\u00f3n familiar? - 123 Emprende","og_description":"\u00bfCu\u00e1les son los beneficios que la implantaci\u00f3n de pol\u00edticas de conciliaci\u00f3n y teletrabajo genera tanto a nivel individual como en las propias empresas? Por la ma\u00f1ana dejo a mis hijos en la escuela y regreso a toda prisa porque a las 9:15 tengo una reuni\u00f3n por Skype con el equipo del proyecto m\u00e1s importante que [&hellip;]","og_url":"https:\/\/123emprende.com\/blog\/es-posible-el-teletrabajo-y-la-conciliacion-familiar\/","og_site_name":"123 Emprende","article_publisher":"https:\/\/www.facebook.com\/123emprende","article_published_time":"2020-04-15T01:33:00+00:00","article_modified_time":"2022-01-10T15:58:45+00:00","og_image":[{"width":1067,"height":600,"url":"https:\/\/123emprende.com\/blog\/wp-content\/uploads\/2022\/01\/teletrabajo_1.jpg","type":"image\/jpeg"}],"author":"admin","twitter_card":"summary_large_image","twitter_creator":"@123emprende","twitter_site":"@123emprende","twitter_misc":{"Escrito por":"admin","Tiempo de lectura":"4 minutos"},"schema":{"@context":"https:\/\/schema.org","@graph":[{"@type":"Article","@id":"https:\/\/123emprende.com\/blog\/es-posible-el-teletrabajo-y-la-conciliacion-familiar\/#article","isPartOf":{"@id":"https:\/\/123emprende.com\/blog\/es-posible-el-teletrabajo-y-la-conciliacion-familiar\/"},"author":{"name":"admin","@id":"https:\/\/123emprende.com\/blog\/#\/schema\/person\/eb7c03f48f19f00f4bca7680d4ff197c"},"headline":"\u00bfEs posible el teletrabajo y la conciliaci\u00f3n familiar?","datePublished":"2020-04-15T01:33:00+00:00","dateModified":"2022-01-10T15:58:45+00:00","mainEntityOfPage":{"@id":"https:\/\/123emprende.com\/blog\/es-posible-el-teletrabajo-y-la-conciliacion-familiar\/"},"wordCount":812,"publisher":{"@id":"https:\/\/123emprende.com\/blog\/#organization"},"image":{"@id":"https:\/\/123emprende.com\/blog\/es-posible-el-teletrabajo-y-la-conciliacion-familiar\/#primaryimage"},"thumbnailUrl":"https:\/\/123emprende.com\/blog\/wp-content\/uploads\/2022\/01\/teletrabajo_1.jpg","keywords":["Actualidad"],"articleSection":["123emprende"],"inLanguage":"es"},{"@type":"WebPage","@id":"https:\/\/123emprende.com\/blog\/es-posible-el-teletrabajo-y-la-conciliacion-familiar\/","url":"https:\/\/123emprende.com\/blog\/es-posible-el-teletrabajo-y-la-conciliacion-familiar\/","name":"\u00bfEs posible el teletrabajo y la conciliaci\u00f3n familiar? - 123 Emprende","isPartOf":{"@id":"https:\/\/123emprende.com\/blog\/#website"},"primaryImageOfPage":{"@id":"https:\/\/123emprende.com\/blog\/es-posible-el-teletrabajo-y-la-conciliacion-familiar\/#primaryimage"},"image":{"@id":"https:\/\/123emprende.com\/blog\/es-posible-el-teletrabajo-y-la-conciliacion-familiar\/#primaryimage"},"thumbnailUrl":"https:\/\/123emprende.com\/blog\/wp-content\/uploads\/2022\/01\/teletrabajo_1.jpg","datePublished":"2020-04-15T01:33:00+00:00","dateModified":"2022-01-10T15:58:45+00:00","breadcrumb":{"@id":"https:\/\/123emprende.com\/blog\/es-posible-el-teletrabajo-y-la-conciliacion-familiar\/#breadcrumb"},"inLanguage":"es","potentialAction":[{"@type":"ReadAction","target":["https:\/\/123emprende.com\/blog\/es-posible-el-teletrabajo-y-la-conciliacion-familiar\/"]}]},{"@type":"ImageObject","inLanguage":"es","@id":"https:\/\/123emprende.com\/blog\/es-posible-el-teletrabajo-y-la-conciliacion-familiar\/#primaryimage","url":"https:\/\/123emprende.com\/blog\/wp-content\/uploads\/2022\/01\/teletrabajo_1.jpg","contentUrl":"https:\/\/123emprende.com\/blog\/wp-content\/uploads\/2022\/01\/teletrabajo_1.jpg","width":1067,"height":600},{"@type":"BreadcrumbList","@id":"https:\/\/123emprende.com\/blog\/es-posible-el-teletrabajo-y-la-conciliacion-familiar\/#breadcrumb","itemListElement":[{"@type":"ListItem","position":1,"name":"Home","item":"https:\/\/123emprende.com\/blog\/"},{"@type":"ListItem","position":2,"name":"\u00bfEs posible el teletrabajo y la conciliaci\u00f3n familiar?"}]},{"@type":"WebSite","@id":"https:\/\/123emprende.com\/blog\/#website","url":"https:\/\/123emprende.com\/blog\/","name":"1,2,3,emprende","description":"Blog","publisher":{"@id":"https:\/\/123emprende.com\/blog\/#organization"},"potentialAction":[{"@type":"SearchAction","target":{"@type":"EntryPoint","urlTemplate":"https:\/\/123emprende.com\/blog\/?s={search_term_string}"},"query-input":{"@type":"PropertyValueSpecification","valueRequired":true,"valueName":"search_term_string"}}],"inLanguage":"es"},{"@type":"Organization","@id":"https:\/\/123emprende.com\/blog\/#organization","name":"1,2,3,emprende","url":"https:\/\/123emprende.com\/blog\/","logo":{"@type":"ImageObject","inLanguage":"es","@id":"https:\/\/123emprende.com\/blog\/#\/schema\/logo\/image\/","url":"https:\/\/123emprende.com\/blog\/wp-content\/uploads\/2022\/01\/123emprende.png","contentUrl":"https:\/\/123emprende.com\/blog\/wp-content\/uploads\/2022\/01\/123emprende.png","width":270,"height":65,"caption":"1,2,3,emprende"},"image":{"@id":"https:\/\/123emprende.com\/blog\/#\/schema\/logo\/image\/"},"sameAs":["https:\/\/www.facebook.com\/123emprende","https:\/\/x.com\/123emprende","https:\/\/www.instagram.com\/123emprende\/"]},{"@type":"Person","@id":"https:\/\/123emprende.com\/blog\/#\/schema\/person\/eb7c03f48f19f00f4bca7680d4ff197c","name":"admin","image":{"@type":"ImageObject","inLanguage":"es","@id":"https:\/\/123emprende.com\/blog\/#\/schema\/person\/image\/","url":"https:\/\/secure.gravatar.com\/avatar\/7a47578bea6e45ab073158f22bee6f0cab330856ff102d04fc883040ca5e0dd1?s=96&d=mm&r=g","contentUrl":"https:\/\/secure.gravatar.com\/avatar\/7a47578bea6e45ab073158f22bee6f0cab330856ff102d04fc883040ca5e0dd1?s=96&d=mm&r=g","caption":"admin"},"sameAs":["https:\/\/123emprende.com\/blog"],"url":"https:\/\/123emprende.com\/blog\/author\/deni_y6ibheej\/"}]}},"_links":{"self":[{"href":"https:\/\/123emprende.com\/blog\/wp-json\/wp\/v2\/posts\/5914","targetHints":{"allow":["GET"]}}],"collection":[{"href":"https:\/\/123emprende.com\/blog\/wp-json\/wp\/v2\/posts"}],"about":[{"href":"https:\/\/123emprende.com\/blog\/wp-json\/wp\/v2\/types\/post"}],"author":[{"embeddable":true,"href":"https:\/\/123emprende.com\/blog\/wp-json\/wp\/v2\/users\/1"}],"replies":[{"embeddable":true,"href":"https:\/\/123emprende.com\/blog\/wp-json\/wp\/v2\/comments?post=5914"}],"version-history":[{"count":3,"href":"https:\/\/123emprende.com\/blog\/wp-json\/wp\/v2\/posts\/5914\/revisions"}],"predecessor-version":[{"id":9449,"href":"https:\/\/123emprende.com\/blog\/wp-json\/wp\/v2\/posts\/5914\/revisions\/9449"}],"wp:featuredmedia":[{"embeddable":true,"href":"https:\/\/123emprende.com\/blog\/wp-json\/wp\/v2\/media\/9426"}],"wp:attachment":[{"href":"https:\/\/123emprende.com\/blog\/wp-json\/wp\/v2\/media?parent=5914"}],"wp:term":[{"taxonomy":"category","embeddable":true,"href":"https:\/\/123emprende.com\/blog\/wp-json\/wp\/v2\/categories?post=5914"},{"taxonomy":"post_tag","embeddable":true,"href":"https:\/\/123emprende.com\/blog\/wp-json\/wp\/v2\/tags?post=5914"}],"curies":[{"name":"wp","href":"https:\/\/api.w.org\/{rel}","templated":true}]}}