{"id":5839,"date":"2023-01-23T09:41:00","date_gmt":"2023-01-23T08:41:00","guid":{"rendered":"https:\/\/123emprende.com\/blog\/index.php\/2022\/01\/03\/los-suecos-apuestan-por-la-jornada-de-6-horas\/"},"modified":"2023-01-30T08:30:24","modified_gmt":"2023-01-30T07:30:24","slug":"por-que-los-suecos-son-tan-emprendedores","status":"publish","type":"post","link":"https:\/\/123emprende.com\/blog\/por-que-los-suecos-son-tan-emprendedores\/","title":{"rendered":"Por qu\u00e9 los suecos son tan emprendedores"},"content":{"rendered":"\n[et_pb_section fb_built=&#8221;1&#8243; admin_label=&#8221;section&#8221; _builder_version=&#8221;3.22&#8243; global_colors_info=&#8221;{}&#8221; theme_builder_area=&#8221;post_content&#8221;][et_pb_row admin_label=&#8221;row&#8221; _builder_version=&#8221;4.14.7&#8243; background_size=&#8221;initial&#8221; background_position=&#8221;top_left&#8221; background_repeat=&#8221;repeat&#8221; hover_enabled=&#8221;0&#8243; global_colors_info=&#8221;{}&#8221; theme_builder_area=&#8221;post_content&#8221; sticky_enabled=&#8221;0&#8243;][et_pb_column type=&#8221;4_4&#8243; _builder_version=&#8221;3.25&#8243; custom_padding=&#8221;|||&#8221; global_colors_info=&#8221;{}&#8221; custom_padding__hover=&#8221;|||&#8221; theme_builder_area=&#8221;post_content&#8221;][et_pb_text admin_label=&#8221;Text&#8221; _builder_version=&#8221;4.14.7&#8243; background_size=&#8221;initial&#8221; background_position=&#8221;top_left&#8221; background_repeat=&#8221;repeat&#8221; global_colors_info=&#8221;{}&#8221; theme_builder_area=&#8221;post_content&#8221;]<p>Suecia es uno de los pa\u00edses m\u00e1s emprendedores del mundo. Con\u00a0solo diez millones de habitantes, ha sido considerada <strong>una de las econom\u00edas m\u00e1s competitivas del mundo<\/strong> y es la cuna de algunas grandes empresas como <strong>Skype<\/strong>, <strong>Volvo<\/strong>, <strong>Spotify<\/strong> o <strong>Ikea<\/strong>.<\/p>\n<p>Los numerosos <strong>casos de \u00e9xito<\/strong>, la excelente<strong> formaci\u00f3n<\/strong> de los j\u00f3venes en \u00e1reas t\u00e9cnicas y de negocios, adem\u00e1s del dominio de los<strong> idiomas<\/strong>, han servido para que la \u00faltima generaci\u00f3n de suecos se lance a desarrollar sus propios proyectos empresariales, y lo hayan hecho pensando en grande.<\/p>[\/et_pb_text][et_pb_image src=&#8221;https:\/\/123emprende.com\/blog\/wp-content\/uploads\/2022\/01\/barra_arriba.png&#8221; title_text=&#8221;barra_arriba&#8221; _builder_version=&#8221;4.14.7&#8243; _module_preset=&#8221;default&#8221; global_colors_info=&#8221;{}&#8221; theme_builder_area=&#8221;post_content&#8221;][\/et_pb_image][et_pb_text admin_label=&#8221;Text&#8221; _builder_version=&#8221;4.14.7&#8243; background_size=&#8221;initial&#8221; background_position=&#8221;top_left&#8221; background_repeat=&#8221;repeat&#8221; global_colors_info=&#8221;{}&#8221; theme_builder_area=&#8221;post_content&#8221;]<h2 style=\"text-align: center;\">El \u00e1rea de Estocolmo es, despu\u00e9s de Silicon Valley, la mayor productora de empresas tecnol\u00f3gicas del mundo<\/h2>[\/et_pb_text][et_pb_image src=&#8221;https:\/\/123emprende.com\/blog\/wp-content\/uploads\/2022\/01\/barra_arriba.png&#8221; title_text=&#8221;barra_arriba&#8221; _builder_version=&#8221;4.14.7&#8243; _module_preset=&#8221;default&#8221; global_colors_info=&#8221;{}&#8221; theme_builder_area=&#8221;post_content&#8221;][\/et_pb_image][et_pb_text admin_label=&#8221;Text&#8221; _builder_version=&#8221;4.14.7&#8243; background_size=&#8221;initial&#8221; background_position=&#8221;top_left&#8221; background_repeat=&#8221;repeat&#8221; global_colors_info=&#8221;{}&#8221; theme_builder_area=&#8221;post_content&#8221;]<p>Quiz\u00e1 para compensar el peque\u00f1o mercado interior de un pa\u00eds con\u00a0una superficie de 450.000 km2, desde el minuto cero las empresas piensan en exportar sus productos fuera, y lo hacen de manera excelente.\u00a0<strong>Ocupan el puesto 32 en el ranking mundial de los pa\u00edses que m\u00e1s exportan<\/strong>.<\/p>\n<p>La raz\u00f3n de esta riqueza empresarial es la propia\u00a0cultura laboral de Suecia, basada en ayudar a que los emprendedores desarrollen sus proyectos. Para ello ponen a su disposici\u00f3n medidas que facilitan la<strong> asunci\u00f3n de riesgos<\/strong>, gracias a un consolidado <strong>sistema de protecci\u00f3n social<\/strong>\u00a0y de <strong>excedencias<\/strong> que, por el momento, ning\u00fan pa\u00eds ha podido superar.<\/p>[\/et_pb_text][et_pb_image src=&#8221;https:\/\/123emprende.com\/blog\/wp-content\/uploads\/2022\/01\/barra_arriba.png&#8221; title_text=&#8221;barra_arriba&#8221; _builder_version=&#8221;4.14.7&#8243; _module_preset=&#8221;default&#8221; global_colors_info=&#8221;{}&#8221; theme_builder_area=&#8221;post_content&#8221;][\/et_pb_image][et_pb_text admin_label=&#8221;Text&#8221; _builder_version=&#8221;4.14.7&#8243; background_size=&#8221;initial&#8221; background_position=&#8221;top_left&#8221; background_repeat=&#8221;repeat&#8221; global_colors_info=&#8221;{}&#8221; theme_builder_area=&#8221;post_content&#8221;]<h2 style=\"text-align: center;\">Suecia\u00a0ocupa el s\u00e9ptimo lugar de las econom\u00edas m\u00e1s competitivas del mundo<\/h2>[\/et_pb_text][et_pb_image src=&#8221;https:\/\/123emprende.com\/blog\/wp-content\/uploads\/2022\/01\/barra_arriba.png&#8221; title_text=&#8221;barra_arriba&#8221; _builder_version=&#8221;4.14.7&#8243; _module_preset=&#8221;default&#8221; global_colors_info=&#8221;{}&#8221; theme_builder_area=&#8221;post_content&#8221;][\/et_pb_image][et_pb_text admin_label=&#8221;Text&#8221; _builder_version=&#8221;4.14.7&#8243; background_size=&#8221;initial&#8221; background_position=&#8221;top_left&#8221; background_repeat=&#8221;repeat&#8221; global_colors_info=&#8221;{}&#8221; theme_builder_area=&#8221;post_content&#8221;]<p>Estas facilidades suponen que, en este pa\u00eds, emprender no signifique perderlo todo si no se consigue el \u00e9xito esperado.<strong>\u00a0Probar a emprender es mucho m\u00e1s f\u00e1cil que en otros pa\u00edses<\/strong>. Por ejemplo, muchos profesionales que trabajan por cuenta ajena dejan temporalmente su trabajo para crear su propia empresa. En Suecia pedir una excedencia para montar una empresa\u00a0es de lo m\u00e1s normal y no est\u00e1 mal visto. <strong>Los trabajadores indefinidos a tiempo completo tienen derecho a una\u00a0excedencia de seis meses<\/strong>\u00a0para estudiar, conciliar o montar su propia empresa. Incluso, este periodo se ampl\u00eda a un a\u00f1o en determinados sectores.<\/p>\n<p>Con estas facilidades, los empleados pueden intentarlo por su cuenta durante este tiempo y volver al mismo puesto, con id\u00e9nticas condiciones, si la aventura empresarial no les va tan bien como esperaban.<\/p>\n<p><img decoding=\"async\" title=\"\" src=\"https:\/\/www.123emprende.com\/blog\/wp-content\/uploads\/2022\/01\/image_2021_10_06T08_36_26_675Z.png\" alt=\"\" \/><\/p>\n<h2>Los suecos se apuntan a la jornada de 6 horas<\/h2>\n<p>Los trabajadores de una residencia de la tercera edad sueca han participado en un <strong>proyecto piloto<\/strong> que consist\u00eda en cambiar su jornada de trabajo de ocho horas por otra de seis. Y todo ello, cobrando lo mismo.<\/p>\n<p>Pod\u00e9is imaginar los resultados. No es ninguna sorpresa que el proyecto ha sido un \u00e9xito entre los trabajadores de la residencia de Svartedalens, en la ciudad sueca de Gotemburgo.\u00a0Con esta <strong>jornada semanal de 35 horas<\/strong>, los 68 trabajadores han\u00a0mejorado su <strong>bienestar, <\/strong>han conseguido aumentar su\u00a0<strong>productividad<\/strong> y reducir el <strong>absentismo<\/strong> por enfermedad. Adem\u00e1s, tambi\u00e9n ha mejorado el trato con los ancianos.<\/p>[\/et_pb_text][et_pb_image src=&#8221;https:\/\/123emprende.com\/blog\/wp-content\/uploads\/2022\/01\/barra_arriba.png&#8221; title_text=&#8221;barra_arriba&#8221; _builder_version=&#8221;4.14.7&#8243; _module_preset=&#8221;default&#8221; global_colors_info=&#8221;{}&#8221; theme_builder_area=&#8221;post_content&#8221;][\/et_pb_image][et_pb_text admin_label=&#8221;Text&#8221; _builder_version=&#8221;4.14.7&#8243; background_size=&#8221;initial&#8221; background_position=&#8221;top_left&#8221; background_repeat=&#8221;repeat&#8221; global_colors_info=&#8221;{}&#8221; theme_builder_area=&#8221;post_content&#8221;]<h2 style=\"text-align: center;\">Ocupan el puesto 32 en el ranking mundial de los pa\u00edses que m\u00e1s exportan<\/h2>[\/et_pb_text][et_pb_image src=&#8221;https:\/\/123emprende.com\/blog\/wp-content\/uploads\/2022\/01\/barra_arriba.png&#8221; title_text=&#8221;barra_arriba&#8221; _builder_version=&#8221;4.14.7&#8243; _module_preset=&#8221;default&#8221; global_colors_info=&#8221;{}&#8221; theme_builder_area=&#8221;post_content&#8221;][\/et_pb_image][et_pb_text admin_label=&#8221;Text&#8221; _builder_version=&#8221;4.14.7&#8243; background_size=&#8221;initial&#8221; background_position=&#8221;top_left&#8221; background_repeat=&#8221;repeat&#8221; global_colors_info=&#8221;{}&#8221; theme_builder_area=&#8221;post_content&#8221;]<p>Pero no todos los resultados han sido positivos. El estudio ha sido objeto de numerosas cr\u00edticas por el <strong>alto coste<\/strong> que ha supuesto. Algunos informes demuestran que ha supuesto un gasto de m\u00e1s de un mill\u00f3n de euros en solo dos a\u00f1os.\u00a0Sin embargo, los resultados han abierto un interesante debate por los beneficios sociales de esta f\u00f3rmula que, seg\u00fan los expertos ser\u00eda\u00a0viable si se aplica a trabajadores con altos niveles de estr\u00e9s.<\/p>\n<p>Pero la\u00a0cuesti\u00f3n no es simple.\u00a0La auditor\u00eda del proyecto expone datos que permiten a los defensores de esta revoluci\u00f3n seguir debatiendo sobre ella:<\/p>\n<ul>\n<li>Esta pr\u00e1ctica <strong>reduce\u00a0el gasto del Estado en subsidios por desempleo<\/strong> porque es necesario contratar a m\u00e1s personal para completar la jornada.<\/li>\n<li><strong>El descenso de las bajas por enfermedad reducen los gastos<\/strong>.<\/li>\n<li><strong>Esta reducci\u00f3n del horario prolongar\u00eda la vida laboral de los trabajadores<\/strong>.<\/li>\n<\/ul>\n<p>Actualmente, otras ciudades suecas est\u00e1n planteando desarrollar proyectos similares y algunas empresas privadas como la startup tecnol\u00f3gica<strong> Brath<\/strong> o la compa\u00f1\u00eda de software <strong>Filimundus<\/strong> han implantado\u00a0este horario reducido de 6 horas con el objetivo de mejorar la productividad, la atenci\u00f3n al cliente y mejorar su imagen entre sus clientes.<\/p>[\/et_pb_text][\/et_pb_column][\/et_pb_row][\/et_pb_section]\n","protected":false},"excerpt":{"rendered":"<p>Suecia es uno de los pa\u00edses m\u00e1s emprendedores del mundo. Con\u00a0solo diez millones de habitantes, ha sido considerada una de las econom\u00edas m\u00e1s competitivas del mundo y es la cuna de algunas grandes empresas como Skype, Volvo, Spotify o Ikea. Los numerosos casos de \u00e9xito, la excelente formaci\u00f3n de los j\u00f3venes en \u00e1reas t\u00e9cnicas y [&hellip;]<\/p>\n","protected":false},"author":1,"featured_media":9203,"comment_status":"closed","ping_status":"closed","sticky":false,"template":"","format":"standard","meta":{"_et_pb_use_builder":"on","_et_pb_old_content":"Suecia es uno de los pa\u00edses m\u00e1s emprendedores del mundo. Con&nbsp;solo diez millones de habitantes, ha sido considerada <strong>una de las econom\u00edas m\u00e1s competitivas del mundo<\/strong> y es la cuna de algunas grandes empresas como <strong>Skype<\/strong>, <strong>Volvo<\/strong>, <strong>Spotify<\/strong> o <strong>Ikea<\/strong>.\n\nLos numerosos <strong>casos de \u00e9xito<\/strong>, la excelente<strong> formaci\u00f3n<\/strong> de los j\u00f3venes en \u00e1reas t\u00e9cnicas y de negocios, adem\u00e1s del dominio de los<strong> idiomas<\/strong>, han servido para que la \u00faltima generaci\u00f3n de suecos se lance a desarrollar sus propios proyectos empresariales, y lo hayan hecho pensando en grande.&nbsp;\n\n<img src=\"https:\/\/www.123emprende.com\/www\/book\/imagenes\/266\/barra_arriba.png\" alt=\"\" width=\"770\" height=\"40\">\n<h2 style=\"text-align: center;\">El \u00e1rea de Estocolmo es, despu\u00e9s de Silicon Valley, la mayor productora de empresas tecnol\u00f3gicas del mundo<\/h2>\n<img src=\"https:\/\/www.123emprende.com\/www\/book\/imagenes\/266\/barra_abajo.png\" alt=\"\" width=\"770\" height=\"40\">\n\n<img title=\"\" src=\"https:\/\/www.123emprende.com\/www\/book\/imagenes\/266\/image_2021_10_06T08_36_50_437Z.png\" alt=\"\">\n\nQuiz\u00e1 para compensar el peque\u00f1o mercado interior de un pa\u00eds con&nbsp;una superficie de 450.000 km2, desde el minuto cero las empresas piensan en exportar sus productos fuera, y lo hacen de manera excelente.&nbsp;<strong>Ocupan el puesto 32 en el ranking mundial de los pa\u00edses que m\u00e1s exportan<\/strong>.\n\nLa raz\u00f3n de esta riqueza empresarial es la propia&nbsp;cultura laboral de Suecia, basada en ayudar a que los emprendedores desarrollen sus proyectos. Para ello ponen a su disposici\u00f3n medidas que facilitan la<strong> asunci\u00f3n de riesgos<\/strong>, gracias a un consolidado <strong>sistema de protecci\u00f3n social<\/strong>&nbsp;y de <strong>excedencias<\/strong> que, por el momento, ning\u00fan pa\u00eds ha podido superar.\n\n<img src=\"https:\/\/www.123emprende.com\/www\/book\/imagenes\/266\/barra_arriba.png\" alt=\"\" width=\"770\" height=\"40\">\n<h2 style=\"text-align: center;\">Suecia&nbsp;ocupa el s\u00e9ptimo lugar de las econom\u00edas m\u00e1s competitivas del mundo<\/h2>\n<img src=\"https:\/\/www.123emprende.com\/www\/book\/imagenes\/266\/barra_abajo.png\" alt=\"\" width=\"770\" height=\"40\">\n\nEstas facilidades suponen que, en este pa\u00eds, emprender no signifique perderlo todo si no se consigue el \u00e9xito esperado.<strong>&nbsp;Probar a emprender es mucho m\u00e1s f\u00e1cil que en otros pa\u00edses<\/strong>. Por ejemplo, muchos profesionales que trabajan por cuenta ajena dejan temporalmente su trabajo para crear su propia empresa. En Suecia pedir una excedencia para montar una empresa&nbsp;es de lo m\u00e1s normal y no est\u00e1 mal visto. <strong>Los trabajadores indefinidos a tiempo completo tienen derecho a una&nbsp;excedencia de seis meses<\/strong>&nbsp;para estudiar, conciliar o montar su propia empresa. Incluso, este periodo se ampl\u00eda a un a\u00f1o en determinados sectores.\n\nCon estas facilidades, los empleados pueden intentarlo por su cuenta durante este tiempo y volver al mismo puesto, con id\u00e9nticas condiciones, si la aventura empresarial no les va tan bien como esperaban.\n\n<img title=\"\" src=\"https:\/\/www.123emprende.com\/www\/book\/imagenes\/266\/image_2021_10_06T08_36_26_675Z.png\" alt=\"\">\n<h2>Los suecos se apuntan a la jornada de 6 horas<\/h2>\nLos trabajadores de una residencia de la tercera edad sueca han participado en un <strong>proyecto piloto<\/strong> que consist\u00eda en cambiar su jornada de trabajo de ocho horas por otra de seis. Y todo ello, cobrando lo mismo.\n\nPod\u00e9is imaginar los resultados. No es ninguna sorpresa que el proyecto ha sido un \u00e9xito entre los trabajadores de la residencia de Svartedalens, en la ciudad sueca de Gotemburgo.&nbsp;Con esta <strong>jornada semanal de 35 horas<\/strong>, los 68 trabajadores han&nbsp;mejorado su <strong>bienestar, <\/strong>han conseguido aumentar su&nbsp;<strong>productividad<\/strong> y reducir el <strong>absentismo<\/strong> por enfermedad. Adem\u00e1s, tambi\u00e9n ha mejorado el trato con los ancianos.\n\n<img src=\"https:\/\/www.123emprende.com\/www\/book\/imagenes\/266\/barra_arriba.png\" alt=\"\" width=\"770\" height=\"40\">\n<h2 style=\"text-align: center;\">Ocupan el puesto 32 en el ranking mundial de los pa\u00edses que m\u00e1s exportan<\/h2>\n<img src=\"https:\/\/www.123emprende.com\/www\/book\/imagenes\/266\/barra_abajo.png\" alt=\"\" width=\"770\" height=\"40\">\n\nPero no todos los resultados han sido positivos. El estudio ha sido objeto de numerosas cr\u00edticas por el <strong>alto coste<\/strong> que ha supuesto. Algunos informes demuestran que ha supuesto un gasto de m\u00e1s de un mill\u00f3n de euros en solo dos a\u00f1os.&nbsp;Sin embargo, los resultados han abierto un interesante debate por los beneficios sociales de esta f\u00f3rmula que, seg\u00fan los expertos ser\u00eda&nbsp;viable si se aplica a trabajadores con altos niveles de estr\u00e9s.\n\nPero la&nbsp;cuesti\u00f3n no es simple.&nbsp;La auditor\u00eda del proyecto expone datos que permiten a los defensores de esta revoluci\u00f3n seguir debatiendo sobre ella:\n<ul>\n \t<li>Esta pr\u00e1ctica <strong>reduce&nbsp;el gasto del Estado en subsidios por desempleo<\/strong> porque es necesario contratar a m\u00e1s personal para completar la jornada.<\/li>\n \t<li><strong>El descenso de las bajas por enfermedad reducen los gastos<\/strong>.<\/li>\n \t<li><strong>Esta reducci\u00f3n del horario prolongar\u00eda la vida laboral de los trabajadores<\/strong>.&nbsp;&nbsp;<\/li>\n<\/ul>\nActualmente, otras ciudades suecas est\u00e1n planteando desarrollar proyectos similares y algunas empresas privadas como la startup tecnol\u00f3gica<strong> Brath<\/strong> o la compa\u00f1\u00eda de software <strong>Filimundus<\/strong> han implantado&nbsp;este horario reducido de 6 horas con el objetivo de mejorar la productividad, la atenci\u00f3n al cliente y mejorar su imagen entre sus clientes.","_et_gb_content_width":"","footnotes":""},"categories":[1],"tags":[12],"class_list":["post-5839","post","type-post","status-publish","format-standard","has-post-thumbnail","hentry","category-123emprende","tag-actualidad"],"yoast_head":"<!-- This site is optimized with the Yoast SEO plugin v23.5 - https:\/\/yoast.com\/wordpress\/plugins\/seo\/ -->\n<title>Por qu\u00e9 los suecos son tan emprendedores - 123 Emprende<\/title>\n<meta name=\"robots\" content=\"index, follow, max-snippet:-1, max-image-preview:large, max-video-preview:-1\" \/>\n<link rel=\"canonical\" href=\"https:\/\/123emprende.com\/blog\/por-que-los-suecos-son-tan-emprendedores\/\" \/>\n<meta property=\"og:locale\" content=\"es_ES\" \/>\n<meta property=\"og:type\" content=\"article\" \/>\n<meta property=\"og:title\" content=\"Por qu\u00e9 los suecos son tan emprendedores - 123 Emprende\" \/>\n<meta property=\"og:description\" content=\"Suecia es uno de los pa\u00edses m\u00e1s emprendedores del mundo. Con\u00a0solo diez millones de habitantes, ha sido considerada una de las econom\u00edas m\u00e1s competitivas del mundo y es la cuna de algunas grandes empresas como Skype, Volvo, Spotify o Ikea. Los numerosos casos de \u00e9xito, la excelente formaci\u00f3n de los j\u00f3venes en \u00e1reas t\u00e9cnicas y [&hellip;]\" \/>\n<meta property=\"og:url\" content=\"https:\/\/123emprende.com\/blog\/por-que-los-suecos-son-tan-emprendedores\/\" \/>\n<meta property=\"og:site_name\" content=\"123 Emprende\" \/>\n<meta property=\"article:publisher\" content=\"https:\/\/www.facebook.com\/123emprende\" \/>\n<meta property=\"article:published_time\" content=\"2023-01-23T08:41:00+00:00\" \/>\n<meta property=\"article:modified_time\" content=\"2023-01-30T07:30:24+00:00\" \/>\n<meta property=\"og:image\" content=\"https:\/\/123emprende.com\/blog\/wp-content\/uploads\/2022\/01\/Suecos_emprendedores_1.jpg\" \/>\n\t<meta property=\"og:image:width\" content=\"1067\" \/>\n\t<meta property=\"og:image:height\" content=\"600\" \/>\n\t<meta property=\"og:image:type\" content=\"image\/jpeg\" \/>\n<meta name=\"author\" content=\"admin\" \/>\n<meta name=\"twitter:card\" content=\"summary_large_image\" \/>\n<meta name=\"twitter:creator\" content=\"@123emprende\" \/>\n<meta name=\"twitter:site\" content=\"@123emprende\" \/>\n<meta name=\"twitter:label1\" content=\"Escrito por\" \/>\n\t<meta name=\"twitter:data1\" content=\"admin\" \/>\n\t<meta name=\"twitter:label2\" content=\"Tiempo de lectura\" \/>\n\t<meta name=\"twitter:data2\" content=\"6 minutos\" \/>\n<script type=\"application\/ld+json\" class=\"yoast-schema-graph\">{\"@context\":\"https:\/\/schema.org\",\"@graph\":[{\"@type\":\"Article\",\"@id\":\"https:\/\/123emprende.com\/blog\/por-que-los-suecos-son-tan-emprendedores\/#article\",\"isPartOf\":{\"@id\":\"https:\/\/123emprende.com\/blog\/por-que-los-suecos-son-tan-emprendedores\/\"},\"author\":{\"name\":\"admin\",\"@id\":\"https:\/\/123emprende.com\/blog\/#\/schema\/person\/eb7c03f48f19f00f4bca7680d4ff197c\"},\"headline\":\"Por qu\u00e9 los suecos son tan emprendedores\",\"datePublished\":\"2023-01-23T08:41:00+00:00\",\"dateModified\":\"2023-01-30T07:30:24+00:00\",\"mainEntityOfPage\":{\"@id\":\"https:\/\/123emprende.com\/blog\/por-que-los-suecos-son-tan-emprendedores\/\"},\"wordCount\":1202,\"publisher\":{\"@id\":\"https:\/\/123emprende.com\/blog\/#organization\"},\"image\":{\"@id\":\"https:\/\/123emprende.com\/blog\/por-que-los-suecos-son-tan-emprendedores\/#primaryimage\"},\"thumbnailUrl\":\"https:\/\/123emprende.com\/blog\/wp-content\/uploads\/2022\/01\/Suecos_emprendedores_1.jpg\",\"keywords\":[\"Actualidad\"],\"articleSection\":[\"123emprende\"],\"inLanguage\":\"es\"},{\"@type\":\"WebPage\",\"@id\":\"https:\/\/123emprende.com\/blog\/por-que-los-suecos-son-tan-emprendedores\/\",\"url\":\"https:\/\/123emprende.com\/blog\/por-que-los-suecos-son-tan-emprendedores\/\",\"name\":\"Por qu\u00e9 los suecos son tan emprendedores - 123 Emprende\",\"isPartOf\":{\"@id\":\"https:\/\/123emprende.com\/blog\/#website\"},\"primaryImageOfPage\":{\"@id\":\"https:\/\/123emprende.com\/blog\/por-que-los-suecos-son-tan-emprendedores\/#primaryimage\"},\"image\":{\"@id\":\"https:\/\/123emprende.com\/blog\/por-que-los-suecos-son-tan-emprendedores\/#primaryimage\"},\"thumbnailUrl\":\"https:\/\/123emprende.com\/blog\/wp-content\/uploads\/2022\/01\/Suecos_emprendedores_1.jpg\",\"datePublished\":\"2023-01-23T08:41:00+00:00\",\"dateModified\":\"2023-01-30T07:30:24+00:00\",\"breadcrumb\":{\"@id\":\"https:\/\/123emprende.com\/blog\/por-que-los-suecos-son-tan-emprendedores\/#breadcrumb\"},\"inLanguage\":\"es\",\"potentialAction\":[{\"@type\":\"ReadAction\",\"target\":[\"https:\/\/123emprende.com\/blog\/por-que-los-suecos-son-tan-emprendedores\/\"]}]},{\"@type\":\"ImageObject\",\"inLanguage\":\"es\",\"@id\":\"https:\/\/123emprende.com\/blog\/por-que-los-suecos-son-tan-emprendedores\/#primaryimage\",\"url\":\"https:\/\/123emprende.com\/blog\/wp-content\/uploads\/2022\/01\/Suecos_emprendedores_1.jpg\",\"contentUrl\":\"https:\/\/123emprende.com\/blog\/wp-content\/uploads\/2022\/01\/Suecos_emprendedores_1.jpg\",\"width\":1067,\"height\":600},{\"@type\":\"BreadcrumbList\",\"@id\":\"https:\/\/123emprende.com\/blog\/por-que-los-suecos-son-tan-emprendedores\/#breadcrumb\",\"itemListElement\":[{\"@type\":\"ListItem\",\"position\":1,\"name\":\"Home\",\"item\":\"https:\/\/123emprende.com\/blog\/\"},{\"@type\":\"ListItem\",\"position\":2,\"name\":\"Por qu\u00e9 los suecos son tan emprendedores\"}]},{\"@type\":\"WebSite\",\"@id\":\"https:\/\/123emprende.com\/blog\/#website\",\"url\":\"https:\/\/123emprende.com\/blog\/\",\"name\":\"1,2,3,emprende\",\"description\":\"Blog\",\"publisher\":{\"@id\":\"https:\/\/123emprende.com\/blog\/#organization\"},\"potentialAction\":[{\"@type\":\"SearchAction\",\"target\":{\"@type\":\"EntryPoint\",\"urlTemplate\":\"https:\/\/123emprende.com\/blog\/?s={search_term_string}\"},\"query-input\":{\"@type\":\"PropertyValueSpecification\",\"valueRequired\":true,\"valueName\":\"search_term_string\"}}],\"inLanguage\":\"es\"},{\"@type\":\"Organization\",\"@id\":\"https:\/\/123emprende.com\/blog\/#organization\",\"name\":\"1,2,3,emprende\",\"url\":\"https:\/\/123emprende.com\/blog\/\",\"logo\":{\"@type\":\"ImageObject\",\"inLanguage\":\"es\",\"@id\":\"https:\/\/123emprende.com\/blog\/#\/schema\/logo\/image\/\",\"url\":\"https:\/\/123emprende.com\/blog\/wp-content\/uploads\/2022\/01\/123emprende.png\",\"contentUrl\":\"https:\/\/123emprende.com\/blog\/wp-content\/uploads\/2022\/01\/123emprende.png\",\"width\":270,\"height\":65,\"caption\":\"1,2,3,emprende\"},\"image\":{\"@id\":\"https:\/\/123emprende.com\/blog\/#\/schema\/logo\/image\/\"},\"sameAs\":[\"https:\/\/www.facebook.com\/123emprende\",\"https:\/\/x.com\/123emprende\",\"https:\/\/www.instagram.com\/123emprende\/\"]},{\"@type\":\"Person\",\"@id\":\"https:\/\/123emprende.com\/blog\/#\/schema\/person\/eb7c03f48f19f00f4bca7680d4ff197c\",\"name\":\"admin\",\"image\":{\"@type\":\"ImageObject\",\"inLanguage\":\"es\",\"@id\":\"https:\/\/123emprende.com\/blog\/#\/schema\/person\/image\/\",\"url\":\"https:\/\/secure.gravatar.com\/avatar\/7a47578bea6e45ab073158f22bee6f0cab330856ff102d04fc883040ca5e0dd1?s=96&d=mm&r=g\",\"contentUrl\":\"https:\/\/secure.gravatar.com\/avatar\/7a47578bea6e45ab073158f22bee6f0cab330856ff102d04fc883040ca5e0dd1?s=96&d=mm&r=g\",\"caption\":\"admin\"},\"sameAs\":[\"https:\/\/123emprende.com\/blog\"],\"url\":\"https:\/\/123emprende.com\/blog\/author\/deni_y6ibheej\/\"}]}<\/script>\n<!-- \/ Yoast SEO plugin. -->","yoast_head_json":{"title":"Por qu\u00e9 los suecos son tan emprendedores - 123 Emprende","robots":{"index":"index","follow":"follow","max-snippet":"max-snippet:-1","max-image-preview":"max-image-preview:large","max-video-preview":"max-video-preview:-1"},"canonical":"https:\/\/123emprende.com\/blog\/por-que-los-suecos-son-tan-emprendedores\/","og_locale":"es_ES","og_type":"article","og_title":"Por qu\u00e9 los suecos son tan emprendedores - 123 Emprende","og_description":"Suecia es uno de los pa\u00edses m\u00e1s emprendedores del mundo. Con\u00a0solo diez millones de habitantes, ha sido considerada una de las econom\u00edas m\u00e1s competitivas del mundo y es la cuna de algunas grandes empresas como Skype, Volvo, Spotify o Ikea. Los numerosos casos de \u00e9xito, la excelente formaci\u00f3n de los j\u00f3venes en \u00e1reas t\u00e9cnicas y [&hellip;]","og_url":"https:\/\/123emprende.com\/blog\/por-que-los-suecos-son-tan-emprendedores\/","og_site_name":"123 Emprende","article_publisher":"https:\/\/www.facebook.com\/123emprende","article_published_time":"2023-01-23T08:41:00+00:00","article_modified_time":"2023-01-30T07:30:24+00:00","og_image":[{"width":1067,"height":600,"url":"https:\/\/123emprende.com\/blog\/wp-content\/uploads\/2022\/01\/Suecos_emprendedores_1.jpg","type":"image\/jpeg"}],"author":"admin","twitter_card":"summary_large_image","twitter_creator":"@123emprende","twitter_site":"@123emprende","twitter_misc":{"Escrito por":"admin","Tiempo de lectura":"6 minutos"},"schema":{"@context":"https:\/\/schema.org","@graph":[{"@type":"Article","@id":"https:\/\/123emprende.com\/blog\/por-que-los-suecos-son-tan-emprendedores\/#article","isPartOf":{"@id":"https:\/\/123emprende.com\/blog\/por-que-los-suecos-son-tan-emprendedores\/"},"author":{"name":"admin","@id":"https:\/\/123emprende.com\/blog\/#\/schema\/person\/eb7c03f48f19f00f4bca7680d4ff197c"},"headline":"Por qu\u00e9 los suecos son tan emprendedores","datePublished":"2023-01-23T08:41:00+00:00","dateModified":"2023-01-30T07:30:24+00:00","mainEntityOfPage":{"@id":"https:\/\/123emprende.com\/blog\/por-que-los-suecos-son-tan-emprendedores\/"},"wordCount":1202,"publisher":{"@id":"https:\/\/123emprende.com\/blog\/#organization"},"image":{"@id":"https:\/\/123emprende.com\/blog\/por-que-los-suecos-son-tan-emprendedores\/#primaryimage"},"thumbnailUrl":"https:\/\/123emprende.com\/blog\/wp-content\/uploads\/2022\/01\/Suecos_emprendedores_1.jpg","keywords":["Actualidad"],"articleSection":["123emprende"],"inLanguage":"es"},{"@type":"WebPage","@id":"https:\/\/123emprende.com\/blog\/por-que-los-suecos-son-tan-emprendedores\/","url":"https:\/\/123emprende.com\/blog\/por-que-los-suecos-son-tan-emprendedores\/","name":"Por qu\u00e9 los suecos son tan emprendedores - 123 Emprende","isPartOf":{"@id":"https:\/\/123emprende.com\/blog\/#website"},"primaryImageOfPage":{"@id":"https:\/\/123emprende.com\/blog\/por-que-los-suecos-son-tan-emprendedores\/#primaryimage"},"image":{"@id":"https:\/\/123emprende.com\/blog\/por-que-los-suecos-son-tan-emprendedores\/#primaryimage"},"thumbnailUrl":"https:\/\/123emprende.com\/blog\/wp-content\/uploads\/2022\/01\/Suecos_emprendedores_1.jpg","datePublished":"2023-01-23T08:41:00+00:00","dateModified":"2023-01-30T07:30:24+00:00","breadcrumb":{"@id":"https:\/\/123emprende.com\/blog\/por-que-los-suecos-son-tan-emprendedores\/#breadcrumb"},"inLanguage":"es","potentialAction":[{"@type":"ReadAction","target":["https:\/\/123emprende.com\/blog\/por-que-los-suecos-son-tan-emprendedores\/"]}]},{"@type":"ImageObject","inLanguage":"es","@id":"https:\/\/123emprende.com\/blog\/por-que-los-suecos-son-tan-emprendedores\/#primaryimage","url":"https:\/\/123emprende.com\/blog\/wp-content\/uploads\/2022\/01\/Suecos_emprendedores_1.jpg","contentUrl":"https:\/\/123emprende.com\/blog\/wp-content\/uploads\/2022\/01\/Suecos_emprendedores_1.jpg","width":1067,"height":600},{"@type":"BreadcrumbList","@id":"https:\/\/123emprende.com\/blog\/por-que-los-suecos-son-tan-emprendedores\/#breadcrumb","itemListElement":[{"@type":"ListItem","position":1,"name":"Home","item":"https:\/\/123emprende.com\/blog\/"},{"@type":"ListItem","position":2,"name":"Por qu\u00e9 los suecos son tan emprendedores"}]},{"@type":"WebSite","@id":"https:\/\/123emprende.com\/blog\/#website","url":"https:\/\/123emprende.com\/blog\/","name":"1,2,3,emprende","description":"Blog","publisher":{"@id":"https:\/\/123emprende.com\/blog\/#organization"},"potentialAction":[{"@type":"SearchAction","target":{"@type":"EntryPoint","urlTemplate":"https:\/\/123emprende.com\/blog\/?s={search_term_string}"},"query-input":{"@type":"PropertyValueSpecification","valueRequired":true,"valueName":"search_term_string"}}],"inLanguage":"es"},{"@type":"Organization","@id":"https:\/\/123emprende.com\/blog\/#organization","name":"1,2,3,emprende","url":"https:\/\/123emprende.com\/blog\/","logo":{"@type":"ImageObject","inLanguage":"es","@id":"https:\/\/123emprende.com\/blog\/#\/schema\/logo\/image\/","url":"https:\/\/123emprende.com\/blog\/wp-content\/uploads\/2022\/01\/123emprende.png","contentUrl":"https:\/\/123emprende.com\/blog\/wp-content\/uploads\/2022\/01\/123emprende.png","width":270,"height":65,"caption":"1,2,3,emprende"},"image":{"@id":"https:\/\/123emprende.com\/blog\/#\/schema\/logo\/image\/"},"sameAs":["https:\/\/www.facebook.com\/123emprende","https:\/\/x.com\/123emprende","https:\/\/www.instagram.com\/123emprende\/"]},{"@type":"Person","@id":"https:\/\/123emprende.com\/blog\/#\/schema\/person\/eb7c03f48f19f00f4bca7680d4ff197c","name":"admin","image":{"@type":"ImageObject","inLanguage":"es","@id":"https:\/\/123emprende.com\/blog\/#\/schema\/person\/image\/","url":"https:\/\/secure.gravatar.com\/avatar\/7a47578bea6e45ab073158f22bee6f0cab330856ff102d04fc883040ca5e0dd1?s=96&d=mm&r=g","contentUrl":"https:\/\/secure.gravatar.com\/avatar\/7a47578bea6e45ab073158f22bee6f0cab330856ff102d04fc883040ca5e0dd1?s=96&d=mm&r=g","caption":"admin"},"sameAs":["https:\/\/123emprende.com\/blog"],"url":"https:\/\/123emprende.com\/blog\/author\/deni_y6ibheej\/"}]}},"_links":{"self":[{"href":"https:\/\/123emprende.com\/blog\/wp-json\/wp\/v2\/posts\/5839","targetHints":{"allow":["GET"]}}],"collection":[{"href":"https:\/\/123emprende.com\/blog\/wp-json\/wp\/v2\/posts"}],"about":[{"href":"https:\/\/123emprende.com\/blog\/wp-json\/wp\/v2\/types\/post"}],"author":[{"embeddable":true,"href":"https:\/\/123emprende.com\/blog\/wp-json\/wp\/v2\/users\/1"}],"replies":[{"embeddable":true,"href":"https:\/\/123emprende.com\/blog\/wp-json\/wp\/v2\/comments?post=5839"}],"version-history":[{"count":8,"href":"https:\/\/123emprende.com\/blog\/wp-json\/wp\/v2\/posts\/5839\/revisions"}],"predecessor-version":[{"id":10558,"href":"https:\/\/123emprende.com\/blog\/wp-json\/wp\/v2\/posts\/5839\/revisions\/10558"}],"wp:featuredmedia":[{"embeddable":true,"href":"https:\/\/123emprende.com\/blog\/wp-json\/wp\/v2\/media\/9203"}],"wp:attachment":[{"href":"https:\/\/123emprende.com\/blog\/wp-json\/wp\/v2\/media?parent=5839"}],"wp:term":[{"taxonomy":"category","embeddable":true,"href":"https:\/\/123emprende.com\/blog\/wp-json\/wp\/v2\/categories?post=5839"},{"taxonomy":"post_tag","embeddable":true,"href":"https:\/\/123emprende.com\/blog\/wp-json\/wp\/v2\/tags?post=5839"}],"curies":[{"name":"wp","href":"https:\/\/api.w.org\/{rel}","templated":true}]}}