{"id":10785,"date":"2023-09-12T10:49:55","date_gmt":"2023-09-12T09:49:55","guid":{"rendered":"https:\/\/123emprende.com\/blog\/?p=10785"},"modified":"2023-09-13T08:36:32","modified_gmt":"2023-09-13T07:36:32","slug":"el-edificio-123-emprende-centro-de-la-actividad-empresarial-de-la-provincia","status":"publish","type":"post","link":"https:\/\/123emprende.com\/blog\/el-edificio-123-emprende-centro-de-la-actividad-empresarial-de-la-provincia\/","title":{"rendered":"El edificio 1,2,3, emprende, centro de la actividad empresarial de la provincia"},"content":{"rendered":"\n<p>El edificio <strong><a href=\"https:\/\/123emprende.com\/\">1,2,3, emprende<\/a><\/strong> se ha consolidado como el coraz\u00f3n palpitante de la actividad empresarial en nuestra ciudad. Este espacio multifuncional se ha convertido en un lugar estrat\u00e9gico para la celebraci\u00f3n de una amplia gama de eventos empresariales, desde ruedas de prensa hasta reuniones corporativas, formaciones o sesiones de networking. Un emplazamiento donde los emprendedores y profesionales encuentran todos los servicios y herramientas que necesitan bajo un mismo techo.<\/p>\n\n\n\n<p><strong>Un Espacio Vers\u00e1til para Eventos Empresariales<\/strong><\/p>\n\n\n\n<p>Ofreciendo un espacio vers\u00e1til y moderno. Las ruedas de prensa encuentran aqu\u00ed un lugar ideal para la difusi\u00f3n de noticias importantes, mientras que las reuniones de empresas se benefician de las instalaciones bien equipadas y el ambiente profesional. Es el caso por ejemplo de la empresa <strong>Luis Vera Oposiciones<\/strong> que estos d\u00edas ha presentado la programaci\u00f3n de actividades para el nuevo curso que reci\u00e9n ha comenzado.<\/p>\n\n\n\n<p><strong>Formaciones de Alto Nivel<\/strong><\/p>\n\n\n\n<p>Uno de los puntos fuertes del edificio es su capacidad para albergar formaciones de alto nivel. Empresas y organizaciones conf\u00edan en este espacio para impartir capacitaciones a su personal y a profesionales de la industria. La infraestructura tecnol\u00f3gica avanzada y las aulas equipadas con las \u00faltimas tecnolog\u00edas hacen que el aprendizaje sea eficiente y efectivo.<\/p>\n\n\n\n<figure class=\"wp-block-image size-large\"><img decoding=\"async\" width=\"1024\" height=\"644\" src=\"https:\/\/123emprende.com\/blog\/wp-content\/uploads\/2023\/09\/formacion-edificio-1024x644.jpg\" alt=\"\" class=\"wp-image-10787\" srcset=\"https:\/\/123emprende.com\/blog\/wp-content\/uploads\/2023\/09\/formacion-edificio-980x617.jpg 980w, https:\/\/123emprende.com\/blog\/wp-content\/uploads\/2023\/09\/formacion-edificio-480x302.jpg 480w\" sizes=\"(min-width: 0px) and (max-width: 480px) 480px, (min-width: 481px) and (max-width: 980px) 980px, (min-width: 981px) 1024px, 100vw\" \/><\/figure>\n\n\n\n<p><strong>Networking y Colaboraci\u00f3n<\/strong><\/p>\n\n\n\n<p>El edificio 1,2,3, emprende es un lugar donde florecen las oportunidades de colaboraci\u00f3n a trav\u00e9s del <strong>networking<\/strong>. Emprendedor@s, startups y empresarios consolidados se re\u00fanen aqu\u00ed para establecer conexiones valiosas, compartir ideas y explorar nuevas alianzas comerciales. Los espacios de coworking y las \u00e1reas comunes fomentan la interacci\u00f3n entre profesionales de diversas industrias.<\/p>\n\n\n\n<p><strong>Todos los Servicios bajo un Mismo Techo<\/strong><\/p>\n\n\n\n<p>Lo que hace que el <strong>edificio 1,2,3, emprende<\/strong> sea a\u00fan m\u00e1s especial es su capacidad para ofrecer una gama completa de servicios y herramientas. Desde servicios propios: parking, acceso a internet, multimedia o catering hasta salas de reuniones totalmente equipadas y asesoramiento empresarial, este lugar tiene todo lo que los emprendedores y profesionales necesitan para tener \u00e9xito en sus emprendimientos.<\/p>\n\n\n\n<p><strong>Un Futuro Prometedor<\/strong><\/p>\n\n\n\n<p>A medida que la comunidad empresarial local contin\u00faa creciendo, el <strong><a href=\"https:\/\/123emprende.com\/informacion\/espacios\">edificio 1,2,3, emprende<\/a><\/strong> se erige como un pilar fundamental para el desarrollo empresarial y el progreso econ\u00f3mico de la regi\u00f3n. Este espacio din\u00e1mico y vers\u00e1til est\u00e1 listo para desempe\u00f1ar un papel crucial en la construcci\u00f3n de un futuro empresarial prometedor.<\/p>\n\n\n\n<p>Si est\u00e1s buscando un lugar donde celebrar eventos empresariales, aprender, conectarte y crecer, <strong>el edificio 1,2,3<\/strong>, emprende es el lugar al que debes acudir, su equipo de profesionales estar\u00e1n encantados de proponer soluciones a . Su compromiso con el \u00e9xito empresarial es evidente en cada aspecto de su funcionamiento, y su papel en la comunidad empresarial es innegable.<\/p>\n\n\n\n<p>El edificio <strong>1,2,3, emprende<\/strong> se alza como un faro de oportunidades en el mundo empresarial local. Aqu\u00ed, los sue\u00f1os empresariales se hacen realidad, las conexiones se fortalecen y la comunidad empresarial prospera. Este es el lugar donde los emprendedores y profesionales encuentran todo lo que necesitan para triunfar en un mundo empresarial en constante cambio.<\/p>\n\n\n\n<p>\u00a1\u00danete a la acci\u00f3n en el <strong>edificio 1,2,3, emprende<\/strong>, el lugar donde surgen las oportunidades! <\/p>\n","protected":false},"excerpt":{"rendered":"<p>El edificio 1,2,3, emprende se ha consolidado como el coraz\u00f3n palpitante de la actividad empresarial en nuestra ciudad. Este espacio multifuncional se ha convertido en un lugar estrat\u00e9gico para la celebraci\u00f3n de una amplia gama de eventos empresariales, desde ruedas de prensa hasta reuniones corporativas, formaciones o sesiones de networking. Un emplazamiento donde los emprendedores [&hellip;]<\/p>\n","protected":false},"author":6,"featured_media":10793,"comment_status":"closed","ping_status":"closed","sticky":false,"template":"","format":"standard","meta":{"_et_pb_use_builder":"off","_et_pb_old_content":"","_et_gb_content_width":"","footnotes":""},"categories":[1,72],"tags":[],"class_list":["post-10785","post","type-post","status-publish","format-standard","has-post-thumbnail","hentry","category-123emprende","category-ultimas-noticias"],"yoast_head":"<!-- This site is optimized with the Yoast SEO plugin v23.5 - https:\/\/yoast.com\/wordpress\/plugins\/seo\/ -->\n<title>El edificio 1,2,3, emprende, centro de la actividad empresarial de la provincia - 123 Emprende<\/title>\n<meta name=\"robots\" content=\"index, follow, max-snippet:-1, max-image-preview:large, max-video-preview:-1\" \/>\n<link rel=\"canonical\" href=\"https:\/\/123emprende.com\/blog\/el-edificio-123-emprende-centro-de-la-actividad-empresarial-de-la-provincia\/\" \/>\n<meta property=\"og:locale\" content=\"es_ES\" \/>\n<meta property=\"og:type\" content=\"article\" \/>\n<meta property=\"og:title\" content=\"El edificio 1,2,3, emprende, centro de la actividad empresarial de la provincia\" \/>\n<meta property=\"og:description\" content=\"El edificio 1,2,3, emprende se ha consolidado como el coraz\u00f3n palpitante de la actividad empresarial en nuestra ciudad. Este espacio multifuncional se ha convertido en un lugar estrat\u00e9gico para la celebraci\u00f3n de una amplia gama de eventos empresariales, desde ruedas de prensa hasta reuniones corporativas, formaciones o sesiones de networking. Un emplazamiento donde los emprendedores [&hellip;]\" \/>\n<meta property=\"og:url\" content=\"https:\/\/123emprende.com\/blog\/el-edificio-123-emprende-centro-de-la-actividad-empresarial-de-la-provincia\/\" \/>\n<meta property=\"og:site_name\" content=\"123 Emprende\" \/>\n<meta property=\"article:publisher\" content=\"https:\/\/www.facebook.com\/123emprende\" \/>\n<meta property=\"article:published_time\" content=\"2023-09-12T09:49:55+00:00\" \/>\n<meta property=\"article:modified_time\" content=\"2023-09-13T07:36:32+00:00\" \/>\n<meta property=\"og:image\" content=\"https:\/\/123emprende.com\/blog\/wp-content\/uploads\/2023\/09\/Luis-Vera-Opsiciones-1.jpg\" \/>\n\t<meta property=\"og:image:width\" content=\"1600\" \/>\n\t<meta property=\"og:image:height\" content=\"1072\" \/>\n\t<meta property=\"og:image:type\" content=\"image\/jpeg\" \/>\n<meta name=\"author\" content=\"Carlos Gonz\u00e1lez\" \/>\n<meta name=\"twitter:card\" content=\"summary_large_image\" \/>\n<meta name=\"twitter:title\" content=\"El edificio 1,2,3, emprende, centro de la actividad empresarial de la provincia\" \/>\n<meta name=\"twitter:image\" content=\"https:\/\/123emprende.com\/blog\/wp-content\/uploads\/2023\/09\/Luis-Vera-Opsiciones-1.jpg\" \/>\n<meta name=\"twitter:creator\" content=\"@123emprende\" \/>\n<meta name=\"twitter:site\" content=\"@123emprende\" \/>\n<meta name=\"twitter:label1\" content=\"Escrito por\" \/>\n\t<meta name=\"twitter:data1\" content=\"Carlos Gonz\u00e1lez\" \/>\n\t<meta name=\"twitter:label2\" content=\"Tiempo de lectura\" \/>\n\t<meta name=\"twitter:data2\" content=\"3 minutos\" \/>\n<script type=\"application\/ld+json\" class=\"yoast-schema-graph\">{\"@context\":\"https:\/\/schema.org\",\"@graph\":[{\"@type\":\"Article\",\"@id\":\"https:\/\/123emprende.com\/blog\/el-edificio-123-emprende-centro-de-la-actividad-empresarial-de-la-provincia\/#article\",\"isPartOf\":{\"@id\":\"https:\/\/123emprende.com\/blog\/el-edificio-123-emprende-centro-de-la-actividad-empresarial-de-la-provincia\/\"},\"author\":{\"name\":\"Carlos Gonz\u00e1lez\",\"@id\":\"https:\/\/123emprende.com\/blog\/#\/schema\/person\/63b8650f380c1ee5adc521a42c5bede5\"},\"headline\":\"El edificio 1,2,3, emprende, centro de la actividad empresarial de la provincia\",\"datePublished\":\"2023-09-12T09:49:55+00:00\",\"dateModified\":\"2023-09-13T07:36:32+00:00\",\"mainEntityOfPage\":{\"@id\":\"https:\/\/123emprende.com\/blog\/el-edificio-123-emprende-centro-de-la-actividad-empresarial-de-la-provincia\/\"},\"wordCount\":537,\"publisher\":{\"@id\":\"https:\/\/123emprende.com\/blog\/#organization\"},\"image\":{\"@id\":\"https:\/\/123emprende.com\/blog\/el-edificio-123-emprende-centro-de-la-actividad-empresarial-de-la-provincia\/#primaryimage\"},\"thumbnailUrl\":\"https:\/\/123emprende.com\/blog\/wp-content\/uploads\/2023\/09\/Luis-Vera-Oposiciones-web.jpg\",\"articleSection\":[\"123emprende\",\"\u00daltimas noticias\"],\"inLanguage\":\"es\"},{\"@type\":\"WebPage\",\"@id\":\"https:\/\/123emprende.com\/blog\/el-edificio-123-emprende-centro-de-la-actividad-empresarial-de-la-provincia\/\",\"url\":\"https:\/\/123emprende.com\/blog\/el-edificio-123-emprende-centro-de-la-actividad-empresarial-de-la-provincia\/\",\"name\":\"El edificio 1,2,3, emprende, centro de la actividad empresarial de la provincia - 123 Emprende\",\"isPartOf\":{\"@id\":\"https:\/\/123emprende.com\/blog\/#website\"},\"primaryImageOfPage\":{\"@id\":\"https:\/\/123emprende.com\/blog\/el-edificio-123-emprende-centro-de-la-actividad-empresarial-de-la-provincia\/#primaryimage\"},\"image\":{\"@id\":\"https:\/\/123emprende.com\/blog\/el-edificio-123-emprende-centro-de-la-actividad-empresarial-de-la-provincia\/#primaryimage\"},\"thumbnailUrl\":\"https:\/\/123emprende.com\/blog\/wp-content\/uploads\/2023\/09\/Luis-Vera-Oposiciones-web.jpg\",\"datePublished\":\"2023-09-12T09:49:55+00:00\",\"dateModified\":\"2023-09-13T07:36:32+00:00\",\"breadcrumb\":{\"@id\":\"https:\/\/123emprende.com\/blog\/el-edificio-123-emprende-centro-de-la-actividad-empresarial-de-la-provincia\/#breadcrumb\"},\"inLanguage\":\"es\",\"potentialAction\":[{\"@type\":\"ReadAction\",\"target\":[\"https:\/\/123emprende.com\/blog\/el-edificio-123-emprende-centro-de-la-actividad-empresarial-de-la-provincia\/\"]}]},{\"@type\":\"ImageObject\",\"inLanguage\":\"es\",\"@id\":\"https:\/\/123emprende.com\/blog\/el-edificio-123-emprende-centro-de-la-actividad-empresarial-de-la-provincia\/#primaryimage\",\"url\":\"https:\/\/123emprende.com\/blog\/wp-content\/uploads\/2023\/09\/Luis-Vera-Oposiciones-web.jpg\",\"contentUrl\":\"https:\/\/123emprende.com\/blog\/wp-content\/uploads\/2023\/09\/Luis-Vera-Oposiciones-web.jpg\",\"width\":1067,\"height\":600},{\"@type\":\"BreadcrumbList\",\"@id\":\"https:\/\/123emprende.com\/blog\/el-edificio-123-emprende-centro-de-la-actividad-empresarial-de-la-provincia\/#breadcrumb\",\"itemListElement\":[{\"@type\":\"ListItem\",\"position\":1,\"name\":\"Home\",\"item\":\"https:\/\/123emprende.com\/blog\/\"},{\"@type\":\"ListItem\",\"position\":2,\"name\":\"El edificio 1,2,3, emprende, centro de la actividad empresarial de la provincia\"}]},{\"@type\":\"WebSite\",\"@id\":\"https:\/\/123emprende.com\/blog\/#website\",\"url\":\"https:\/\/123emprende.com\/blog\/\",\"name\":\"1,2,3,emprende\",\"description\":\"Blog\",\"publisher\":{\"@id\":\"https:\/\/123emprende.com\/blog\/#organization\"},\"potentialAction\":[{\"@type\":\"SearchAction\",\"target\":{\"@type\":\"EntryPoint\",\"urlTemplate\":\"https:\/\/123emprende.com\/blog\/?s={search_term_string}\"},\"query-input\":{\"@type\":\"PropertyValueSpecification\",\"valueRequired\":true,\"valueName\":\"search_term_string\"}}],\"inLanguage\":\"es\"},{\"@type\":\"Organization\",\"@id\":\"https:\/\/123emprende.com\/blog\/#organization\",\"name\":\"1,2,3,emprende\",\"url\":\"https:\/\/123emprende.com\/blog\/\",\"logo\":{\"@type\":\"ImageObject\",\"inLanguage\":\"es\",\"@id\":\"https:\/\/123emprende.com\/blog\/#\/schema\/logo\/image\/\",\"url\":\"https:\/\/123emprende.com\/blog\/wp-content\/uploads\/2022\/01\/123emprende.png\",\"contentUrl\":\"https:\/\/123emprende.com\/blog\/wp-content\/uploads\/2022\/01\/123emprende.png\",\"width\":270,\"height\":65,\"caption\":\"1,2,3,emprende\"},\"image\":{\"@id\":\"https:\/\/123emprende.com\/blog\/#\/schema\/logo\/image\/\"},\"sameAs\":[\"https:\/\/www.facebook.com\/123emprende\",\"https:\/\/x.com\/123emprende\",\"https:\/\/www.instagram.com\/123emprende\/\"]},{\"@type\":\"Person\",\"@id\":\"https:\/\/123emprende.com\/blog\/#\/schema\/person\/63b8650f380c1ee5adc521a42c5bede5\",\"name\":\"Carlos Gonz\u00e1lez\",\"image\":{\"@type\":\"ImageObject\",\"inLanguage\":\"es\",\"@id\":\"https:\/\/123emprende.com\/blog\/#\/schema\/person\/image\/\",\"url\":\"https:\/\/secure.gravatar.com\/avatar\/3528c646166acbb9717345b338e650c3d2e5c44c4566bba2cb186eb9cbe1ce0a?s=96&d=mm&r=g\",\"contentUrl\":\"https:\/\/secure.gravatar.com\/avatar\/3528c646166acbb9717345b338e650c3d2e5c44c4566bba2cb186eb9cbe1ce0a?s=96&d=mm&r=g\",\"caption\":\"Carlos Gonz\u00e1lez\"},\"url\":\"https:\/\/123emprende.com\/blog\/author\/carlos\/\"}]}<\/script>\n<!-- \/ Yoast SEO plugin. -->","yoast_head_json":{"title":"El edificio 1,2,3, emprende, centro de la actividad empresarial de la provincia - 123 Emprende","robots":{"index":"index","follow":"follow","max-snippet":"max-snippet:-1","max-image-preview":"max-image-preview:large","max-video-preview":"max-video-preview:-1"},"canonical":"https:\/\/123emprende.com\/blog\/el-edificio-123-emprende-centro-de-la-actividad-empresarial-de-la-provincia\/","og_locale":"es_ES","og_type":"article","og_title":"El edificio 1,2,3, emprende, centro de la actividad empresarial de la provincia","og_description":"El edificio 1,2,3, emprende se ha consolidado como el coraz\u00f3n palpitante de la actividad empresarial en nuestra ciudad. Este espacio multifuncional se ha convertido en un lugar estrat\u00e9gico para la celebraci\u00f3n de una amplia gama de eventos empresariales, desde ruedas de prensa hasta reuniones corporativas, formaciones o sesiones de networking. Un emplazamiento donde los emprendedores [&hellip;]","og_url":"https:\/\/123emprende.com\/blog\/el-edificio-123-emprende-centro-de-la-actividad-empresarial-de-la-provincia\/","og_site_name":"123 Emprende","article_publisher":"https:\/\/www.facebook.com\/123emprende","article_published_time":"2023-09-12T09:49:55+00:00","article_modified_time":"2023-09-13T07:36:32+00:00","og_image":[{"width":1600,"height":1072,"url":"https:\/\/123emprende.com\/blog\/wp-content\/uploads\/2023\/09\/Luis-Vera-Opsiciones-1.jpg","type":"image\/jpeg"}],"author":"Carlos Gonz\u00e1lez","twitter_card":"summary_large_image","twitter_title":"El edificio 1,2,3, emprende, centro de la actividad empresarial de la provincia","twitter_image":"https:\/\/123emprende.com\/blog\/wp-content\/uploads\/2023\/09\/Luis-Vera-Opsiciones-1.jpg","twitter_creator":"@123emprende","twitter_site":"@123emprende","twitter_misc":{"Escrito por":"Carlos Gonz\u00e1lez","Tiempo de lectura":"3 minutos"},"schema":{"@context":"https:\/\/schema.org","@graph":[{"@type":"Article","@id":"https:\/\/123emprende.com\/blog\/el-edificio-123-emprende-centro-de-la-actividad-empresarial-de-la-provincia\/#article","isPartOf":{"@id":"https:\/\/123emprende.com\/blog\/el-edificio-123-emprende-centro-de-la-actividad-empresarial-de-la-provincia\/"},"author":{"name":"Carlos Gonz\u00e1lez","@id":"https:\/\/123emprende.com\/blog\/#\/schema\/person\/63b8650f380c1ee5adc521a42c5bede5"},"headline":"El edificio 1,2,3, emprende, centro de la actividad empresarial de la provincia","datePublished":"2023-09-12T09:49:55+00:00","dateModified":"2023-09-13T07:36:32+00:00","mainEntityOfPage":{"@id":"https:\/\/123emprende.com\/blog\/el-edificio-123-emprende-centro-de-la-actividad-empresarial-de-la-provincia\/"},"wordCount":537,"publisher":{"@id":"https:\/\/123emprende.com\/blog\/#organization"},"image":{"@id":"https:\/\/123emprende.com\/blog\/el-edificio-123-emprende-centro-de-la-actividad-empresarial-de-la-provincia\/#primaryimage"},"thumbnailUrl":"https:\/\/123emprende.com\/blog\/wp-content\/uploads\/2023\/09\/Luis-Vera-Oposiciones-web.jpg","articleSection":["123emprende","\u00daltimas noticias"],"inLanguage":"es"},{"@type":"WebPage","@id":"https:\/\/123emprende.com\/blog\/el-edificio-123-emprende-centro-de-la-actividad-empresarial-de-la-provincia\/","url":"https:\/\/123emprende.com\/blog\/el-edificio-123-emprende-centro-de-la-actividad-empresarial-de-la-provincia\/","name":"El edificio 1,2,3, emprende, centro de la actividad empresarial de la provincia - 123 Emprende","isPartOf":{"@id":"https:\/\/123emprende.com\/blog\/#website"},"primaryImageOfPage":{"@id":"https:\/\/123emprende.com\/blog\/el-edificio-123-emprende-centro-de-la-actividad-empresarial-de-la-provincia\/#primaryimage"},"image":{"@id":"https:\/\/123emprende.com\/blog\/el-edificio-123-emprende-centro-de-la-actividad-empresarial-de-la-provincia\/#primaryimage"},"thumbnailUrl":"https:\/\/123emprende.com\/blog\/wp-content\/uploads\/2023\/09\/Luis-Vera-Oposiciones-web.jpg","datePublished":"2023-09-12T09:49:55+00:00","dateModified":"2023-09-13T07:36:32+00:00","breadcrumb":{"@id":"https:\/\/123emprende.com\/blog\/el-edificio-123-emprende-centro-de-la-actividad-empresarial-de-la-provincia\/#breadcrumb"},"inLanguage":"es","potentialAction":[{"@type":"ReadAction","target":["https:\/\/123emprende.com\/blog\/el-edificio-123-emprende-centro-de-la-actividad-empresarial-de-la-provincia\/"]}]},{"@type":"ImageObject","inLanguage":"es","@id":"https:\/\/123emprende.com\/blog\/el-edificio-123-emprende-centro-de-la-actividad-empresarial-de-la-provincia\/#primaryimage","url":"https:\/\/123emprende.com\/blog\/wp-content\/uploads\/2023\/09\/Luis-Vera-Oposiciones-web.jpg","contentUrl":"https:\/\/123emprende.com\/blog\/wp-content\/uploads\/2023\/09\/Luis-Vera-Oposiciones-web.jpg","width":1067,"height":600},{"@type":"BreadcrumbList","@id":"https:\/\/123emprende.com\/blog\/el-edificio-123-emprende-centro-de-la-actividad-empresarial-de-la-provincia\/#breadcrumb","itemListElement":[{"@type":"ListItem","position":1,"name":"Home","item":"https:\/\/123emprende.com\/blog\/"},{"@type":"ListItem","position":2,"name":"El edificio 1,2,3, emprende, centro de la actividad empresarial de la provincia"}]},{"@type":"WebSite","@id":"https:\/\/123emprende.com\/blog\/#website","url":"https:\/\/123emprende.com\/blog\/","name":"1,2,3,emprende","description":"Blog","publisher":{"@id":"https:\/\/123emprende.com\/blog\/#organization"},"potentialAction":[{"@type":"SearchAction","target":{"@type":"EntryPoint","urlTemplate":"https:\/\/123emprende.com\/blog\/?s={search_term_string}"},"query-input":{"@type":"PropertyValueSpecification","valueRequired":true,"valueName":"search_term_string"}}],"inLanguage":"es"},{"@type":"Organization","@id":"https:\/\/123emprende.com\/blog\/#organization","name":"1,2,3,emprende","url":"https:\/\/123emprende.com\/blog\/","logo":{"@type":"ImageObject","inLanguage":"es","@id":"https:\/\/123emprende.com\/blog\/#\/schema\/logo\/image\/","url":"https:\/\/123emprende.com\/blog\/wp-content\/uploads\/2022\/01\/123emprende.png","contentUrl":"https:\/\/123emprende.com\/blog\/wp-content\/uploads\/2022\/01\/123emprende.png","width":270,"height":65,"caption":"1,2,3,emprende"},"image":{"@id":"https:\/\/123emprende.com\/blog\/#\/schema\/logo\/image\/"},"sameAs":["https:\/\/www.facebook.com\/123emprende","https:\/\/x.com\/123emprende","https:\/\/www.instagram.com\/123emprende\/"]},{"@type":"Person","@id":"https:\/\/123emprende.com\/blog\/#\/schema\/person\/63b8650f380c1ee5adc521a42c5bede5","name":"Carlos Gonz\u00e1lez","image":{"@type":"ImageObject","inLanguage":"es","@id":"https:\/\/123emprende.com\/blog\/#\/schema\/person\/image\/","url":"https:\/\/secure.gravatar.com\/avatar\/3528c646166acbb9717345b338e650c3d2e5c44c4566bba2cb186eb9cbe1ce0a?s=96&d=mm&r=g","contentUrl":"https:\/\/secure.gravatar.com\/avatar\/3528c646166acbb9717345b338e650c3d2e5c44c4566bba2cb186eb9cbe1ce0a?s=96&d=mm&r=g","caption":"Carlos Gonz\u00e1lez"},"url":"https:\/\/123emprende.com\/blog\/author\/carlos\/"}]}},"_links":{"self":[{"href":"https:\/\/123emprende.com\/blog\/wp-json\/wp\/v2\/posts\/10785","targetHints":{"allow":["GET"]}}],"collection":[{"href":"https:\/\/123emprende.com\/blog\/wp-json\/wp\/v2\/posts"}],"about":[{"href":"https:\/\/123emprende.com\/blog\/wp-json\/wp\/v2\/types\/post"}],"author":[{"embeddable":true,"href":"https:\/\/123emprende.com\/blog\/wp-json\/wp\/v2\/users\/6"}],"replies":[{"embeddable":true,"href":"https:\/\/123emprende.com\/blog\/wp-json\/wp\/v2\/comments?post=10785"}],"version-history":[{"count":4,"href":"https:\/\/123emprende.com\/blog\/wp-json\/wp\/v2\/posts\/10785\/revisions"}],"predecessor-version":[{"id":10803,"href":"https:\/\/123emprende.com\/blog\/wp-json\/wp\/v2\/posts\/10785\/revisions\/10803"}],"wp:featuredmedia":[{"embeddable":true,"href":"https:\/\/123emprende.com\/blog\/wp-json\/wp\/v2\/media\/10793"}],"wp:attachment":[{"href":"https:\/\/123emprende.com\/blog\/wp-json\/wp\/v2\/media?parent=10785"}],"wp:term":[{"taxonomy":"category","embeddable":true,"href":"https:\/\/123emprende.com\/blog\/wp-json\/wp\/v2\/categories?post=10785"},{"taxonomy":"post_tag","embeddable":true,"href":"https:\/\/123emprende.com\/blog\/wp-json\/wp\/v2\/tags?post=10785"}],"curies":[{"name":"wp","href":"https:\/\/api.w.org\/{rel}","templated":true}]}}